{"id":1115,"date":"2023-11-08T20:23:00","date_gmt":"2023-11-08T20:23:00","guid":{"rendered":"https:\/\/www.fonag.org.ec\/web\/?p=1115"},"modified":"2024-06-21T20:27:37","modified_gmt":"2024-06-21T20:27:37","slug":"arbol-de-mas-de-300-anos-descubierto-en-paluguillo","status":"publish","type":"post","link":"https:\/\/www.fonag.org.ec\/web\/arbol-de-mas-de-300-anos-descubierto-en-paluguillo\/","title":{"rendered":"\u00c1rbol de m\u00e1s de 300 a\u00f1os descubierto en Paluguillo"},"content":{"rendered":"\n<p><em>Este descubrimiento plantea una perspectiva amplia acerca de la longevidad de los bosques nativos en ecosistemas altoandinos.<\/em><\/p>\n\n\n\n<p>El equipo de Guardap\u00e1ramos del \u00c1rea de Conservaci\u00f3n H\u00eddrica Paluguillo (ACH), ubicado en la provincia de Pichincha, inform\u00f3 sobre la ca\u00edda de un \u00e1rbol de Polylepis en el bosque nativo del ACH Paluguillo.<\/p>\n\n\n\n<p>Tras los informes preliminares, se presume que la ca\u00edda del \u00e1rbol fue ocasionada por factores naturales asociados a su avanzada edad y las condiciones inherentes a su entorno. En respuesta a este suceso, el programa de Recuperaci\u00f3n de Cobertura Vegetal del Fondo para la Protecci\u00f3n del Agua (FONAG) moviliz\u00f3 un equipo de expertos para determinar la antig\u00fcedad del \u00e1rbol ca\u00eddo y revelar informaci\u00f3n significativa acerca de este bosque nativo.<\/p>\n\n\n\n<figure class=\"wp-block-image aligncenter size-large is-resized\"><img fetchpriority=\"high\" fetchpriority=\"high\" decoding=\"async\" width=\"1024\" height=\"768\" src=\"https:\/\/www.fonag.org.ec\/web\/wp-content\/uploads\/2024\/06\/arbol-caido-paluguillo-001-1024x768.webp\" alt=\"\" class=\"wp-image-1116\" style=\"width:439px;height:auto\" srcset=\"https:\/\/www.fonag.org.ec\/web\/wp-content\/uploads\/2024\/06\/arbol-caido-paluguillo-001-980x735.webp 980w, https:\/\/www.fonag.org.ec\/web\/wp-content\/uploads\/2024\/06\/arbol-caido-paluguillo-001-480x360.webp 480w\" sizes=\"(min-width: 0px) and (max-width: 480px) 480px, (min-width: 481px) and (max-width: 980px) 980px, (min-width: 981px) 1024px, 100vw\" \/><figcaption class=\"wp-element-caption\">Fotograf\u00eda del tronco del \u00e1rbol ca\u00eddo en ACH Paluguillo, Pichincha. Ecuador.<\/figcaption><\/figure>\n\n\n\n<p>FONAG envi\u00f3 muestras del \u00e1rbol ca\u00eddo a un laboratorio especializado de la Universidad Nacional de Loja, para llevar a cabo un an\u00e1lisis dendrocronol\u00f3gico, que permita determinar la edad del \u00e1rbol a trav\u00e9s de la identificaci\u00f3n, conteo y medici\u00f3n de los anillos verdaderos de crecimiento.<\/p>\n\n\n\n<p>El estudio permiti\u00f3 identificar&nbsp;<em>los anillos verdaderos y falsos de manera microsc\u00f3pica, observando las diferencias entre las c\u00e9lulas de madera tard\u00eda y temprana. Estos cambios en las estructuras de tejidos, tama\u00f1o y forma de vasos, radios y fibras permiten definir y crear un patr\u00f3n personalizado de anillos de crecimiento verdaderos en cada especie.<\/em><\/p>\n\n\n\n<p>Los resultados finales determinan que se trata de un \u00e1rbol de\u00a0<em><strong>Polylepis incana de por lo menos 347 a\u00f1os,<\/strong><\/em>\u00a0lo que representa un hallazgo excepcional que ratifica la presencia hist\u00f3rica de estos bosques en el \u00e1rea. Anteriormente pod\u00eda haber incertidumbre sobre el ecosistema de referencia para la restauraci\u00f3n ecol\u00f3gica, ya que su presencia podr\u00eda atribuirse a un asentamiento natural o a la intervenci\u00f3n humana. Este estudio confirma la presencia centenaria de estos bosques en el ACH Paluguillo, por lo tanto lo acertado de la inclusi\u00f3n de la especie en las intervenciones de restauraci\u00f3n realizadas por el FONAG en el \u00e1rea.<\/p>\n\n\n\n<p>El compromiso continuo del FONAG con la conservaci\u00f3n, y restauraci\u00f3n de los ecosistemas de p\u00e1ramo se refuerza con este an\u00e1lisis, mismo que ser\u00e1 replicado en distintas \u00e1reas de inter\u00e9s h\u00eddrico para construir un mejor entendimiento de la din\u00e1mica hist\u00f3rica de los bosques de Polylepis, cuya importancia para la formaci\u00f3n de suelos, captaci\u00f3n de agua y regulaci\u00f3n h\u00eddrica, garantiza el suministro de agua para la poblaci\u00f3n del Distrito Metropolitano de Quito.<\/p>\n","protected":false},"excerpt":{"rendered":"<p>Este descubrimiento plantea una perspectiva amplia acerca de la longevidad de los bosques nativos en ecosistemas altoandinos. El equipo de Guardap\u00e1ramos del \u00c1rea de Conservaci\u00f3n H\u00eddrica Paluguillo (ACH), ubicado en la provincia de Pichincha, inform\u00f3 sobre la ca\u00edda de un \u00e1rbol de Polylepis en el bosque nativo del ACH Paluguillo. Tras los informes preliminares, se [&hellip;]<\/p>\n","protected":false},"author":1,"featured_media":866,"comment_status":"closed","ping_status":"closed","sticky":false,"template":"","format":"standard","meta":{"nf_dc_page":"","_et_pb_use_builder":"off","_et_pb_old_content":"","_et_gb_content_width":"","footnotes":"","_links_to":"","_links_to_target":""},"categories":[22],"tags":[],"class_list":["post-1115","post","type-post","status-publish","format-standard","has-post-thumbnail","hentry","category-noticias"],"yoast_head":"<!-- This site is optimized with the Yoast SEO plugin v27.4 - https:\/\/yoast.com\/product\/yoast-seo-wordpress\/ -->\n<title>\u00c1rbol de m\u00e1s de 300 a\u00f1os descubierto en Paluguillo - FONAG<\/title>\n<meta name=\"robots\" content=\"index, follow, max-snippet:-1, max-image-preview:large, max-video-preview:-1\" \/>\n<link rel=\"canonical\" href=\"https:\/\/www.fonag.org.ec\/web\/arbol-de-mas-de-300-anos-descubierto-en-paluguillo\/\" \/>\n<meta property=\"og:locale\" content=\"es_ES\" \/>\n<meta property=\"og:type\" content=\"article\" \/>\n<meta property=\"og:title\" content=\"\u00c1rbol de m\u00e1s de 300 a\u00f1os descubierto en Paluguillo - FONAG\" \/>\n<meta property=\"og:description\" content=\"Este descubrimiento plantea una perspectiva amplia acerca de la longevidad de los bosques nativos en ecosistemas altoandinos. El equipo de Guardap\u00e1ramos del \u00c1rea de Conservaci\u00f3n H\u00eddrica Paluguillo (ACH), ubicado en la provincia de Pichincha, inform\u00f3 sobre la ca\u00edda de un \u00e1rbol de Polylepis en el bosque nativo del ACH Paluguillo. Tras los informes preliminares, se [&hellip;]\" \/>\n<meta property=\"og:url\" content=\"https:\/\/www.fonag.org.ec\/web\/arbol-de-mas-de-300-anos-descubierto-en-paluguillo\/\" \/>\n<meta property=\"og:site_name\" content=\"FONAG\" \/>\n<meta property=\"article:published_time\" content=\"2023-11-08T20:23:00+00:00\" \/>\n<meta property=\"article:modified_time\" content=\"2024-06-21T20:27:37+00:00\" \/>\n<meta property=\"og:image\" content=\"https:\/\/www.fonag.org.ec\/web\/wp-content\/uploads\/2024\/06\/Accion-Andina-Bosque-Andino-polilepis.webp\" \/>\n\t<meta property=\"og:image:width\" content=\"1280\" \/>\n\t<meta property=\"og:image:height\" content=\"720\" \/>\n\t<meta property=\"og:image:type\" content=\"image\/webp\" \/>\n<meta name=\"author\" content=\"Fonag Administrador\" \/>\n<meta name=\"twitter:card\" content=\"summary_large_image\" \/>\n<meta name=\"twitter:label1\" content=\"Escrito por\" \/>\n\t<meta name=\"twitter:data1\" content=\"Fonag Administrador\" \/>\n\t<meta name=\"twitter:label2\" content=\"Tiempo de lectura\" \/>\n\t<meta name=\"twitter:data2\" content=\"2 minutos\" \/>\n<script type=\"application\/ld+json\" class=\"yoast-schema-graph\">{\"@context\":\"https:\\\/\\\/schema.org\",\"@graph\":[{\"@type\":\"Article\",\"@id\":\"https:\\\/\\\/www.fonag.org.ec\\\/web\\\/arbol-de-mas-de-300-anos-descubierto-en-paluguillo\\\/#article\",\"isPartOf\":{\"@id\":\"https:\\\/\\\/www.fonag.org.ec\\\/web\\\/arbol-de-mas-de-300-anos-descubierto-en-paluguillo\\\/\"},\"author\":{\"name\":\"Fonag Administrador\",\"@id\":\"https:\\\/\\\/www.fonag.org.ec\\\/web\\\/#\\\/schema\\\/person\\\/f706b95aca44f9594052930113bd5e7b\"},\"headline\":\"\u00c1rbol de m\u00e1s de 300 a\u00f1os descubierto en Paluguillo\",\"datePublished\":\"2023-11-08T20:23:00+00:00\",\"dateModified\":\"2024-06-21T20:27:37+00:00\",\"mainEntityOfPage\":{\"@id\":\"https:\\\/\\\/www.fonag.org.ec\\\/web\\\/arbol-de-mas-de-300-anos-descubierto-en-paluguillo\\\/\"},\"wordCount\":452,\"image\":{\"@id\":\"https:\\\/\\\/www.fonag.org.ec\\\/web\\\/arbol-de-mas-de-300-anos-descubierto-en-paluguillo\\\/#primaryimage\"},\"thumbnailUrl\":\"https:\\\/\\\/www.fonag.org.ec\\\/web\\\/wp-content\\\/uploads\\\/2024\\\/06\\\/Accion-Andina-Bosque-Andino-polilepis.webp\",\"articleSection\":[\"Noticias\"],\"inLanguage\":\"es\"},{\"@type\":\"WebPage\",\"@id\":\"https:\\\/\\\/www.fonag.org.ec\\\/web\\\/arbol-de-mas-de-300-anos-descubierto-en-paluguillo\\\/\",\"url\":\"https:\\\/\\\/www.fonag.org.ec\\\/web\\\/arbol-de-mas-de-300-anos-descubierto-en-paluguillo\\\/\",\"name\":\"\u00c1rbol de m\u00e1s de 300 a\u00f1os descubierto en Paluguillo - FONAG\",\"isPartOf\":{\"@id\":\"https:\\\/\\\/www.fonag.org.ec\\\/web\\\/#website\"},\"primaryImageOfPage\":{\"@id\":\"https:\\\/\\\/www.fonag.org.ec\\\/web\\\/arbol-de-mas-de-300-anos-descubierto-en-paluguillo\\\/#primaryimage\"},\"image\":{\"@id\":\"https:\\\/\\\/www.fonag.org.ec\\\/web\\\/arbol-de-mas-de-300-anos-descubierto-en-paluguillo\\\/#primaryimage\"},\"thumbnailUrl\":\"https:\\\/\\\/www.fonag.org.ec\\\/web\\\/wp-content\\\/uploads\\\/2024\\\/06\\\/Accion-Andina-Bosque-Andino-polilepis.webp\",\"datePublished\":\"2023-11-08T20:23:00+00:00\",\"dateModified\":\"2024-06-21T20:27:37+00:00\",\"author\":{\"@id\":\"https:\\\/\\\/www.fonag.org.ec\\\/web\\\/#\\\/schema\\\/person\\\/f706b95aca44f9594052930113bd5e7b\"},\"breadcrumb\":{\"@id\":\"https:\\\/\\\/www.fonag.org.ec\\\/web\\\/arbol-de-mas-de-300-anos-descubierto-en-paluguillo\\\/#breadcrumb\"},\"inLanguage\":\"es\",\"potentialAction\":[{\"@type\":\"ReadAction\",\"target\":[\"https:\\\/\\\/www.fonag.org.ec\\\/web\\\/arbol-de-mas-de-300-anos-descubierto-en-paluguillo\\\/\"]}]},{\"@type\":\"ImageObject\",\"inLanguage\":\"es\",\"@id\":\"https:\\\/\\\/www.fonag.org.ec\\\/web\\\/arbol-de-mas-de-300-anos-descubierto-en-paluguillo\\\/#primaryimage\",\"url\":\"https:\\\/\\\/www.fonag.org.ec\\\/web\\\/wp-content\\\/uploads\\\/2024\\\/06\\\/Accion-Andina-Bosque-Andino-polilepis.webp\",\"contentUrl\":\"https:\\\/\\\/www.fonag.org.ec\\\/web\\\/wp-content\\\/uploads\\\/2024\\\/06\\\/Accion-Andina-Bosque-Andino-polilepis.webp\",\"width\":1280,\"height\":720,\"caption\":\"Acci\u00f3n Andina Bosque Andino polilepis\"},{\"@type\":\"BreadcrumbList\",\"@id\":\"https:\\\/\\\/www.fonag.org.ec\\\/web\\\/arbol-de-mas-de-300-anos-descubierto-en-paluguillo\\\/#breadcrumb\",\"itemListElement\":[{\"@type\":\"ListItem\",\"position\":1,\"name\":\"Portada\",\"item\":\"https:\\\/\\\/www.fonag.org.ec\\\/web\\\/\"},{\"@type\":\"ListItem\",\"position\":2,\"name\":\"\u00c1rbol de m\u00e1s de 300 a\u00f1os descubierto en Paluguillo\"}]},{\"@type\":\"WebSite\",\"@id\":\"https:\\\/\\\/www.fonag.org.ec\\\/web\\\/#website\",\"url\":\"https:\\\/\\\/www.fonag.org.ec\\\/web\\\/\",\"name\":\"Fonag\",\"description\":\"Fondo para la protecci\u00f3n del agua\",\"potentialAction\":[{\"@type\":\"SearchAction\",\"target\":{\"@type\":\"EntryPoint\",\"urlTemplate\":\"https:\\\/\\\/www.fonag.org.ec\\\/web\\\/?s={search_term_string}\"},\"query-input\":{\"@type\":\"PropertyValueSpecification\",\"valueRequired\":true,\"valueName\":\"search_term_string\"}}],\"inLanguage\":\"es\"},{\"@type\":\"Person\",\"@id\":\"https:\\\/\\\/www.fonag.org.ec\\\/web\\\/#\\\/schema\\\/person\\\/f706b95aca44f9594052930113bd5e7b\",\"name\":\"Fonag Administrador\",\"image\":{\"@type\":\"ImageObject\",\"inLanguage\":\"es\",\"@id\":\"https:\\\/\\\/secure.gravatar.com\\\/avatar\\\/156331d783066ed53c179b12766204e7e1a93c4abcc269fc81099224b52af368?s=96&d=mm&r=g\",\"url\":\"https:\\\/\\\/secure.gravatar.com\\\/avatar\\\/156331d783066ed53c179b12766204e7e1a93c4abcc269fc81099224b52af368?s=96&d=mm&r=g\",\"contentUrl\":\"https:\\\/\\\/secure.gravatar.com\\\/avatar\\\/156331d783066ed53c179b12766204e7e1a93c4abcc269fc81099224b52af368?s=96&d=mm&r=g\",\"caption\":\"Fonag Administrador\"},\"sameAs\":[\"https:\\\/\\\/www.fonag.org.ec\\\/web\"],\"url\":\"https:\\\/\\\/www.fonag.org.ec\\\/web\\\/author\\\/fngdmnstgng\\\/\"}]}<\/script>\n<!-- \/ Yoast SEO plugin. -->","yoast_head_json":{"title":"\u00c1rbol de m\u00e1s de 300 a\u00f1os descubierto en Paluguillo - FONAG","robots":{"index":"index","follow":"follow","max-snippet":"max-snippet:-1","max-image-preview":"max-image-preview:large","max-video-preview":"max-video-preview:-1"},"canonical":"https:\/\/www.fonag.org.ec\/web\/arbol-de-mas-de-300-anos-descubierto-en-paluguillo\/","og_locale":"es_ES","og_type":"article","og_title":"\u00c1rbol de m\u00e1s de 300 a\u00f1os descubierto en Paluguillo - FONAG","og_description":"Este descubrimiento plantea una perspectiva amplia acerca de la longevidad de los bosques nativos en ecosistemas altoandinos. El equipo de Guardap\u00e1ramos del \u00c1rea de Conservaci\u00f3n H\u00eddrica Paluguillo (ACH), ubicado en la provincia de Pichincha, inform\u00f3 sobre la ca\u00edda de un \u00e1rbol de Polylepis en el bosque nativo del ACH Paluguillo. Tras los informes preliminares, se [&hellip;]","og_url":"https:\/\/www.fonag.org.ec\/web\/arbol-de-mas-de-300-anos-descubierto-en-paluguillo\/","og_site_name":"FONAG","article_published_time":"2023-11-08T20:23:00+00:00","article_modified_time":"2024-06-21T20:27:37+00:00","og_image":[{"width":1280,"height":720,"url":"https:\/\/www.fonag.org.ec\/web\/wp-content\/uploads\/2024\/06\/Accion-Andina-Bosque-Andino-polilepis.webp","type":"image\/webp"}],"author":"Fonag Administrador","twitter_card":"summary_large_image","twitter_misc":{"Escrito por":"Fonag Administrador","Tiempo de lectura":"2 minutos"},"schema":{"@context":"https:\/\/schema.org","@graph":[{"@type":"Article","@id":"https:\/\/www.fonag.org.ec\/web\/arbol-de-mas-de-300-anos-descubierto-en-paluguillo\/#article","isPartOf":{"@id":"https:\/\/www.fonag.org.ec\/web\/arbol-de-mas-de-300-anos-descubierto-en-paluguillo\/"},"author":{"name":"Fonag Administrador","@id":"https:\/\/www.fonag.org.ec\/web\/#\/schema\/person\/f706b95aca44f9594052930113bd5e7b"},"headline":"\u00c1rbol de m\u00e1s de 300 a\u00f1os descubierto en Paluguillo","datePublished":"2023-11-08T20:23:00+00:00","dateModified":"2024-06-21T20:27:37+00:00","mainEntityOfPage":{"@id":"https:\/\/www.fonag.org.ec\/web\/arbol-de-mas-de-300-anos-descubierto-en-paluguillo\/"},"wordCount":452,"image":{"@id":"https:\/\/www.fonag.org.ec\/web\/arbol-de-mas-de-300-anos-descubierto-en-paluguillo\/#primaryimage"},"thumbnailUrl":"https:\/\/www.fonag.org.ec\/web\/wp-content\/uploads\/2024\/06\/Accion-Andina-Bosque-Andino-polilepis.webp","articleSection":["Noticias"],"inLanguage":"es"},{"@type":"WebPage","@id":"https:\/\/www.fonag.org.ec\/web\/arbol-de-mas-de-300-anos-descubierto-en-paluguillo\/","url":"https:\/\/www.fonag.org.ec\/web\/arbol-de-mas-de-300-anos-descubierto-en-paluguillo\/","name":"\u00c1rbol de m\u00e1s de 300 a\u00f1os descubierto en Paluguillo - FONAG","isPartOf":{"@id":"https:\/\/www.fonag.org.ec\/web\/#website"},"primaryImageOfPage":{"@id":"https:\/\/www.fonag.org.ec\/web\/arbol-de-mas-de-300-anos-descubierto-en-paluguillo\/#primaryimage"},"image":{"@id":"https:\/\/www.fonag.org.ec\/web\/arbol-de-mas-de-300-anos-descubierto-en-paluguillo\/#primaryimage"},"thumbnailUrl":"https:\/\/www.fonag.org.ec\/web\/wp-content\/uploads\/2024\/06\/Accion-Andina-Bosque-Andino-polilepis.webp","datePublished":"2023-11-08T20:23:00+00:00","dateModified":"2024-06-21T20:27:37+00:00","author":{"@id":"https:\/\/www.fonag.org.ec\/web\/#\/schema\/person\/f706b95aca44f9594052930113bd5e7b"},"breadcrumb":{"@id":"https:\/\/www.fonag.org.ec\/web\/arbol-de-mas-de-300-anos-descubierto-en-paluguillo\/#breadcrumb"},"inLanguage":"es","potentialAction":[{"@type":"ReadAction","target":["https:\/\/www.fonag.org.ec\/web\/arbol-de-mas-de-300-anos-descubierto-en-paluguillo\/"]}]},{"@type":"ImageObject","inLanguage":"es","@id":"https:\/\/www.fonag.org.ec\/web\/arbol-de-mas-de-300-anos-descubierto-en-paluguillo\/#primaryimage","url":"https:\/\/www.fonag.org.ec\/web\/wp-content\/uploads\/2024\/06\/Accion-Andina-Bosque-Andino-polilepis.webp","contentUrl":"https:\/\/www.fonag.org.ec\/web\/wp-content\/uploads\/2024\/06\/Accion-Andina-Bosque-Andino-polilepis.webp","width":1280,"height":720,"caption":"Acci\u00f3n Andina Bosque Andino polilepis"},{"@type":"BreadcrumbList","@id":"https:\/\/www.fonag.org.ec\/web\/arbol-de-mas-de-300-anos-descubierto-en-paluguillo\/#breadcrumb","itemListElement":[{"@type":"ListItem","position":1,"name":"Portada","item":"https:\/\/www.fonag.org.ec\/web\/"},{"@type":"ListItem","position":2,"name":"\u00c1rbol de m\u00e1s de 300 a\u00f1os descubierto en Paluguillo"}]},{"@type":"WebSite","@id":"https:\/\/www.fonag.org.ec\/web\/#website","url":"https:\/\/www.fonag.org.ec\/web\/","name":"Fonag","description":"Fondo para la protecci\u00f3n del agua","potentialAction":[{"@type":"SearchAction","target":{"@type":"EntryPoint","urlTemplate":"https:\/\/www.fonag.org.ec\/web\/?s={search_term_string}"},"query-input":{"@type":"PropertyValueSpecification","valueRequired":true,"valueName":"search_term_string"}}],"inLanguage":"es"},{"@type":"Person","@id":"https:\/\/www.fonag.org.ec\/web\/#\/schema\/person\/f706b95aca44f9594052930113bd5e7b","name":"Fonag Administrador","image":{"@type":"ImageObject","inLanguage":"es","@id":"https:\/\/secure.gravatar.com\/avatar\/156331d783066ed53c179b12766204e7e1a93c4abcc269fc81099224b52af368?s=96&d=mm&r=g","url":"https:\/\/secure.gravatar.com\/avatar\/156331d783066ed53c179b12766204e7e1a93c4abcc269fc81099224b52af368?s=96&d=mm&r=g","contentUrl":"https:\/\/secure.gravatar.com\/avatar\/156331d783066ed53c179b12766204e7e1a93c4abcc269fc81099224b52af368?s=96&d=mm&r=g","caption":"Fonag Administrador"},"sameAs":["https:\/\/www.fonag.org.ec\/web"],"url":"https:\/\/www.fonag.org.ec\/web\/author\/fngdmnstgng\/"}]}},"_links":{"self":[{"href":"https:\/\/www.fonag.org.ec\/web\/wp-json\/wp\/v2\/posts\/1115","targetHints":{"allow":["GET"]}}],"collection":[{"href":"https:\/\/www.fonag.org.ec\/web\/wp-json\/wp\/v2\/posts"}],"about":[{"href":"https:\/\/www.fonag.org.ec\/web\/wp-json\/wp\/v2\/types\/post"}],"author":[{"embeddable":true,"href":"https:\/\/www.fonag.org.ec\/web\/wp-json\/wp\/v2\/users\/1"}],"replies":[{"embeddable":true,"href":"https:\/\/www.fonag.org.ec\/web\/wp-json\/wp\/v2\/comments?post=1115"}],"version-history":[{"count":1,"href":"https:\/\/www.fonag.org.ec\/web\/wp-json\/wp\/v2\/posts\/1115\/revisions"}],"predecessor-version":[{"id":1117,"href":"https:\/\/www.fonag.org.ec\/web\/wp-json\/wp\/v2\/posts\/1115\/revisions\/1117"}],"wp:featuredmedia":[{"embeddable":true,"href":"https:\/\/www.fonag.org.ec\/web\/wp-json\/wp\/v2\/media\/866"}],"wp:attachment":[{"href":"https:\/\/www.fonag.org.ec\/web\/wp-json\/wp\/v2\/media?parent=1115"}],"wp:term":[{"taxonomy":"category","embeddable":true,"href":"https:\/\/www.fonag.org.ec\/web\/wp-json\/wp\/v2\/categories?post=1115"},{"taxonomy":"post_tag","embeddable":true,"href":"https:\/\/www.fonag.org.ec\/web\/wp-json\/wp\/v2\/tags?post=1115"}],"curies":[{"name":"wp","href":"https:\/\/api.w.org\/{rel}","templated":true}]}}