{"id":1577,"date":"2024-08-08T16:44:57","date_gmt":"2024-08-08T16:44:57","guid":{"rendered":"https:\/\/www.fonag.org.ec\/web\/?p=1577"},"modified":"2025-01-28T19:41:49","modified_gmt":"2025-01-28T19:41:49","slug":"1577-2","status":"publish","type":"post","link":"https:\/\/www.fonag.org.ec\/web\/1577-2\/","title":{"rendered":"\u00bfPor qu\u00e9 celebramos el D\u00eda Mundial del Agua?"},"content":{"rendered":"\n<p class=\"\"><em><strong>Esta&nbsp;conmemoraci\u00f3n&nbsp;subraya la&nbsp;necesidad&nbsp;del FONAG&nbsp;de fortalecer las acciones de conservaci\u00f3n en&nbsp;fuentes de agua&nbsp;para poder asegurar agua en cantidad y calidad.&nbsp;<\/strong><\/em><\/p>\n\n\n\n<p class=\"\"><strong>\u00bfTendremos agua en Quito en los pr\u00f3ximos a\u00f1os?<\/strong>&nbsp;En Quito hay bastante agua, \u00bfverdad? Lo que m\u00e1s tenemos en Ecuador son nevados, por eso siempre tendremos agua, \u00bfes as\u00ed? Son las interrogantes que plantean los habitantes del Distrito Metropolitano de Quito (DMQ) a quienes trabajamos en la protecci\u00f3n de las fuentes de agua, esperando que la respuesta sea: \u201cs\u00ed, contamos con abundancia de este recurso\u201d, pero con cierto temor impl\u00edcito, como intuyendo que la respuesta podr\u00eda no ser positiva.&nbsp;<\/p>\n\n\n\n<p class=\"\"><strong>En Quito, un ciudadano consume en promedio 150 litros de agua al d\u00eda, cifra que alcanza los 250 litros en verano<\/strong>. Si comparamos esta cifra con lo que aconseja la Organizaci\u00f3n Mundial de la Salud (OMS) debemos reducir ese consumo a menos de la mitad: 100 litros al d\u00eda, pues esta cantidad basta para suplir nuestras necesidades de alimentaci\u00f3n e higiene.&nbsp;&nbsp;<\/p>\n\n\n\n<p class=\"\">S\u00ed, el DMQ cuenta con la generosidad del p\u00e1ramo, un ecosistema fr\u00e1gil que reserva el agua en sus entra\u00f1as y nos la regala d\u00eda a d\u00eda, de manera natural. Pero este recurso inquebrantable de ninguna manera es infinito.&nbsp; A esta conclusi\u00f3n lleg\u00f3 la Cumbre de la Tierra, celebrada en 1992, en R\u00edo de Janeiro (Brasil), donde las naciones reconocieron que el agua dulce es esencial para la vida, pero es un recurso limitado.&nbsp; Es as\u00ed, que la Organizaci\u00f3n de las Naciones Unidas (ONU) estableci\u00f3 -desde 1993- que el 22 de marzo de cada a\u00f1o&nbsp;conmemoremos el D\u00eda Mundial del Agua, con el objetivo de recordar al mundo que a\u00fan 2 000 millones de seres humanos no acceden a agua potable ni saneamiento.&nbsp;&nbsp;<\/p>\n\n\n\n<p class=\"\"><strong>\u201cEl 83% del agua del DMQ viene de los p\u00e1ramos andinos.&nbsp;Mientras que el 27% proviene de arroyos, r\u00edos, lagos o embalses y agua subterr\u00e1nea\u201d, Empresa P\u00fablica Metropolitana de Quito, EPMAPS.&nbsp;<\/strong><\/p>\n\n\n\n<p class=\"\">El lema de 2024 se centr\u00f3 en \u201cc\u00f3mo el agua puede crear paz o desencadenar conflictos\u201d, detalla la Unesco, la Organizaci\u00f3n de las Naciones Unidas para la Educaci\u00f3n, la Ciencia y la Cultura. Se\u00f1ala que m\u00e1s de 3 000 millones de personas en todo el mundo dependen de agua que atraviesa las fronteras nacionales. \u201cSolo 24 pa\u00edses tienen acuerdos de cooperaci\u00f3n para todos los recursos h\u00eddricos que comparten.&nbsp; A medida que aumentan los impactos del cambio clim\u00e1tico y crece la poblaci\u00f3n, existe la necesidad apremiante, dentro de los pa\u00edses y entre ellos, de unirse para proteger y conservar nuestro recurso m\u00e1s preciado\u201d.&nbsp;<\/p>\n\n\n\n<p class=\"\">Pero&nbsp;<strong>\u00bfqu\u00e9 resultados hemos obtenido al conmemorar un d\u00eda preciso para reflexionar sobre el agua?<\/strong>&nbsp;En la capital, la Empresa Metropolitana de Agua Potable y Saneamiento, EPMAPS agua de Quito, junto con el Fondo para la Protecci\u00f3n del Agua, FONAG, a trav\u00e9s de su Estaci\u00f3n Cient\u00edfica Agua y P\u00e1ramo, ECAP, han desarrollado acciones conjuntas para institucionalizar las Jornadas del Agua, un evento de tres d\u00edas de duraci\u00f3n que concentra a la academia, juntas de agua, empresas de agua, autoridades nacionales y locales con el objetivo de elevar el debate y tomar acciones para divulgar diversidad de iniciativas para cuidar del agua desde distintos frentes, sobre todo desde las autoridades tomadoras de decisi\u00f3n y generadoras de pol\u00edticas p\u00fablicas.&nbsp;&nbsp;<\/p>\n\n\n\n<p class=\"\">En FONAG, nuestra raz\u00f3n de ser es la protecci\u00f3n, conservaci\u00f3n y restauraci\u00f3n de los ecosistemas fuentes de agua, por tanto, todas nuestras acciones est\u00e1n encaminadas a ello, los 365 d\u00edas del a\u00f1o. En este sentido, el D\u00eda Mundial del Agua es una oportunidad para recordarle a cada habitante del planeta que nuestro bien m\u00e1s preciado debe ser valorado y protegido, a partir de las acciones individuales y colectivas.&nbsp;&nbsp;<\/p>\n\n\n\n<p class=\"\"><strong>Tendremos agua en los pr\u00f3ximos a\u00f1os si comprendemos que los seres humanos cohabitamos con la naturaleza, si la destruimos, nos destruimos.&nbsp;<\/strong><\/p>\n\n\n\n<p class=\"\">Tenemos la soluci\u00f3n en nuestras manos, si queremos asegurar nuestro futuro con agua en cantidad y calidad,&nbsp;<strong>es nuestra decisi\u00f3n el&nbsp;proteger las fuentes de agua, usar&nbsp;solamente&nbsp;<\/strong><strong>lo necesario y evitar su desperdicio<\/strong>.<\/p>\n\n\n\n<figure class=\"wp-block-image\"><img fetchpriority=\"high\" fetchpriority=\"high\" decoding=\"async\" width=\"1935\" height=\"1079\" src=\"https:\/\/www.fonag.org.ec\/web\/wp-content\/uploads\/2024\/07\/Fondo-Fonag-en-cifras-humedal.webp\" alt=\"Fondo Fonag en cifras humedal\" class=\"wp-image-1462\" title=\"Fondo Fonag en cifras humedal\" srcset=\"https:\/\/www.fonag.org.ec\/web\/wp-content\/uploads\/2024\/07\/Fondo-Fonag-en-cifras-humedal.webp 1935w, https:\/\/www.fonag.org.ec\/web\/wp-content\/uploads\/2024\/07\/Fondo-Fonag-en-cifras-humedal-1280x714.webp 1280w, https:\/\/www.fonag.org.ec\/web\/wp-content\/uploads\/2024\/07\/Fondo-Fonag-en-cifras-humedal-980x546.webp 980w, https:\/\/www.fonag.org.ec\/web\/wp-content\/uploads\/2024\/07\/Fondo-Fonag-en-cifras-humedal-480x268.webp 480w\" sizes=\"(min-width: 0px) and (max-width: 480px) 480px, (min-width: 481px) and (max-width: 980px) 980px, (min-width: 981px) and (max-width: 1280px) 1280px, (min-width: 1281px) 1935px, 100vw\" \/><\/figure>\n","protected":false},"excerpt":{"rendered":"<p>Esta&nbsp;conmemoraci\u00f3n&nbsp;subraya la&nbsp;necesidad&nbsp;del FONAG&nbsp;de fortalecer las acciones de conservaci\u00f3n en&nbsp;fuentes de agua&nbsp;para poder asegurar agua en cantidad y calidad.&nbsp; \u00bfTendremos agua en Quito en los pr\u00f3ximos a\u00f1os?&nbsp;En Quito hay bastante agua, \u00bfverdad? Lo que m\u00e1s tenemos en Ecuador son nevados, por eso siempre tendremos agua, \u00bfes as\u00ed? Son las interrogantes que plantean los habitantes del Distrito [&hellip;]<\/p>\n","protected":false},"author":1,"featured_media":1588,"comment_status":"open","ping_status":"open","sticky":false,"template":"","format":"standard","meta":{"nf_dc_page":"","_et_pb_use_builder":"off","_et_pb_old_content":"","_et_gb_content_width":"","footnotes":"","_links_to":"","_links_to_target":""},"categories":[22],"tags":[],"class_list":["post-1577","post","type-post","status-publish","format-standard","has-post-thumbnail","hentry","category-noticias"],"yoast_head":"<!-- This site is optimized with the Yoast SEO plugin v27.4 - https:\/\/yoast.com\/product\/yoast-seo-wordpress\/ -->\n<title>\u00bfPor qu\u00e9 celebramos el D\u00eda Mundial del Agua? - FONAG<\/title>\n<meta name=\"robots\" content=\"index, follow, max-snippet:-1, max-image-preview:large, max-video-preview:-1\" \/>\n<link rel=\"canonical\" href=\"https:\/\/www.fonag.org.ec\/web\/1577-2\/\" \/>\n<meta property=\"og:locale\" content=\"es_ES\" \/>\n<meta property=\"og:type\" content=\"article\" \/>\n<meta property=\"og:title\" content=\"\u00bfPor qu\u00e9 celebramos el D\u00eda Mundial del Agua? - FONAG\" \/>\n<meta property=\"og:description\" content=\"Esta&nbsp;conmemoraci\u00f3n&nbsp;subraya la&nbsp;necesidad&nbsp;del FONAG&nbsp;de fortalecer las acciones de conservaci\u00f3n en&nbsp;fuentes de agua&nbsp;para poder asegurar agua en cantidad y calidad.&nbsp; \u00bfTendremos agua en Quito en los pr\u00f3ximos a\u00f1os?&nbsp;En Quito hay bastante agua, \u00bfverdad? Lo que m\u00e1s tenemos en Ecuador son nevados, por eso siempre tendremos agua, \u00bfes as\u00ed? Son las interrogantes que plantean los habitantes del Distrito [&hellip;]\" \/>\n<meta property=\"og:url\" content=\"https:\/\/www.fonag.org.ec\/web\/1577-2\/\" \/>\n<meta property=\"og:site_name\" content=\"FONAG\" \/>\n<meta property=\"article:published_time\" content=\"2024-08-08T16:44:57+00:00\" \/>\n<meta property=\"article:modified_time\" content=\"2025-01-28T19:41:49+00:00\" \/>\n<meta property=\"og:image\" content=\"https:\/\/www.fonag.org.ec\/web\/wp-content\/uploads\/2024\/08\/WhatsApp-Image-2024-08-08-at-12.01.20-PM.jpeg\" \/>\n\t<meta property=\"og:image:width\" content=\"1600\" \/>\n\t<meta property=\"og:image:height\" content=\"1600\" \/>\n\t<meta property=\"og:image:type\" content=\"image\/jpeg\" \/>\n<meta name=\"author\" content=\"Fonag Administrador\" \/>\n<meta name=\"twitter:card\" content=\"summary_large_image\" \/>\n<meta name=\"twitter:label1\" content=\"Escrito por\" \/>\n\t<meta name=\"twitter:data1\" content=\"Fonag Administrador\" \/>\n\t<meta name=\"twitter:label2\" content=\"Tiempo de lectura\" \/>\n\t<meta name=\"twitter:data2\" content=\"4 minutos\" \/>\n<script type=\"application\/ld+json\" class=\"yoast-schema-graph\">{\"@context\":\"https:\\\/\\\/schema.org\",\"@graph\":[{\"@type\":\"Article\",\"@id\":\"https:\\\/\\\/www.fonag.org.ec\\\/web\\\/1577-2\\\/#article\",\"isPartOf\":{\"@id\":\"https:\\\/\\\/www.fonag.org.ec\\\/web\\\/1577-2\\\/\"},\"author\":{\"name\":\"Fonag Administrador\",\"@id\":\"https:\\\/\\\/www.fonag.org.ec\\\/web\\\/#\\\/schema\\\/person\\\/f706b95aca44f9594052930113bd5e7b\"},\"headline\":\"\u00bfPor qu\u00e9 celebramos el D\u00eda Mundial del Agua?\",\"datePublished\":\"2024-08-08T16:44:57+00:00\",\"dateModified\":\"2025-01-28T19:41:49+00:00\",\"mainEntityOfPage\":{\"@id\":\"https:\\\/\\\/www.fonag.org.ec\\\/web\\\/1577-2\\\/\"},\"wordCount\":750,\"commentCount\":0,\"image\":{\"@id\":\"https:\\\/\\\/www.fonag.org.ec\\\/web\\\/1577-2\\\/#primaryimage\"},\"thumbnailUrl\":\"https:\\\/\\\/www.fonag.org.ec\\\/web\\\/wp-content\\\/uploads\\\/2024\\\/08\\\/WhatsApp-Image-2024-08-08-at-12.01.20-PM.jpeg\",\"articleSection\":[\"Noticias\"],\"inLanguage\":\"es\",\"potentialAction\":[{\"@type\":\"CommentAction\",\"name\":\"Comment\",\"target\":[\"https:\\\/\\\/www.fonag.org.ec\\\/web\\\/1577-2\\\/#respond\"]}]},{\"@type\":\"WebPage\",\"@id\":\"https:\\\/\\\/www.fonag.org.ec\\\/web\\\/1577-2\\\/\",\"url\":\"https:\\\/\\\/www.fonag.org.ec\\\/web\\\/1577-2\\\/\",\"name\":\"\u00bfPor qu\u00e9 celebramos el D\u00eda Mundial del Agua? - FONAG\",\"isPartOf\":{\"@id\":\"https:\\\/\\\/www.fonag.org.ec\\\/web\\\/#website\"},\"primaryImageOfPage\":{\"@id\":\"https:\\\/\\\/www.fonag.org.ec\\\/web\\\/1577-2\\\/#primaryimage\"},\"image\":{\"@id\":\"https:\\\/\\\/www.fonag.org.ec\\\/web\\\/1577-2\\\/#primaryimage\"},\"thumbnailUrl\":\"https:\\\/\\\/www.fonag.org.ec\\\/web\\\/wp-content\\\/uploads\\\/2024\\\/08\\\/WhatsApp-Image-2024-08-08-at-12.01.20-PM.jpeg\",\"datePublished\":\"2024-08-08T16:44:57+00:00\",\"dateModified\":\"2025-01-28T19:41:49+00:00\",\"author\":{\"@id\":\"https:\\\/\\\/www.fonag.org.ec\\\/web\\\/#\\\/schema\\\/person\\\/f706b95aca44f9594052930113bd5e7b\"},\"breadcrumb\":{\"@id\":\"https:\\\/\\\/www.fonag.org.ec\\\/web\\\/1577-2\\\/#breadcrumb\"},\"inLanguage\":\"es\",\"potentialAction\":[{\"@type\":\"ReadAction\",\"target\":[\"https:\\\/\\\/www.fonag.org.ec\\\/web\\\/1577-2\\\/\"]}]},{\"@type\":\"ImageObject\",\"inLanguage\":\"es\",\"@id\":\"https:\\\/\\\/www.fonag.org.ec\\\/web\\\/1577-2\\\/#primaryimage\",\"url\":\"https:\\\/\\\/www.fonag.org.ec\\\/web\\\/wp-content\\\/uploads\\\/2024\\\/08\\\/WhatsApp-Image-2024-08-08-at-12.01.20-PM.jpeg\",\"contentUrl\":\"https:\\\/\\\/www.fonag.org.ec\\\/web\\\/wp-content\\\/uploads\\\/2024\\\/08\\\/WhatsApp-Image-2024-08-08-at-12.01.20-PM.jpeg\",\"width\":1600,\"height\":1600},{\"@type\":\"BreadcrumbList\",\"@id\":\"https:\\\/\\\/www.fonag.org.ec\\\/web\\\/1577-2\\\/#breadcrumb\",\"itemListElement\":[{\"@type\":\"ListItem\",\"position\":1,\"name\":\"Portada\",\"item\":\"https:\\\/\\\/www.fonag.org.ec\\\/web\\\/\"},{\"@type\":\"ListItem\",\"position\":2,\"name\":\"\u00bfPor qu\u00e9 celebramos el D\u00eda Mundial del Agua?\"}]},{\"@type\":\"WebSite\",\"@id\":\"https:\\\/\\\/www.fonag.org.ec\\\/web\\\/#website\",\"url\":\"https:\\\/\\\/www.fonag.org.ec\\\/web\\\/\",\"name\":\"Fonag\",\"description\":\"Fondo para la protecci\u00f3n del agua\",\"potentialAction\":[{\"@type\":\"SearchAction\",\"target\":{\"@type\":\"EntryPoint\",\"urlTemplate\":\"https:\\\/\\\/www.fonag.org.ec\\\/web\\\/?s={search_term_string}\"},\"query-input\":{\"@type\":\"PropertyValueSpecification\",\"valueRequired\":true,\"valueName\":\"search_term_string\"}}],\"inLanguage\":\"es\"},{\"@type\":\"Person\",\"@id\":\"https:\\\/\\\/www.fonag.org.ec\\\/web\\\/#\\\/schema\\\/person\\\/f706b95aca44f9594052930113bd5e7b\",\"name\":\"Fonag Administrador\",\"image\":{\"@type\":\"ImageObject\",\"inLanguage\":\"es\",\"@id\":\"https:\\\/\\\/secure.gravatar.com\\\/avatar\\\/156331d783066ed53c179b12766204e7e1a93c4abcc269fc81099224b52af368?s=96&d=mm&r=g\",\"url\":\"https:\\\/\\\/secure.gravatar.com\\\/avatar\\\/156331d783066ed53c179b12766204e7e1a93c4abcc269fc81099224b52af368?s=96&d=mm&r=g\",\"contentUrl\":\"https:\\\/\\\/secure.gravatar.com\\\/avatar\\\/156331d783066ed53c179b12766204e7e1a93c4abcc269fc81099224b52af368?s=96&d=mm&r=g\",\"caption\":\"Fonag Administrador\"},\"sameAs\":[\"https:\\\/\\\/www.fonag.org.ec\\\/web\"],\"url\":\"https:\\\/\\\/www.fonag.org.ec\\\/web\\\/author\\\/fngdmnstgng\\\/\"}]}<\/script>\n<!-- \/ Yoast SEO plugin. -->","yoast_head_json":{"title":"\u00bfPor qu\u00e9 celebramos el D\u00eda Mundial del Agua? - FONAG","robots":{"index":"index","follow":"follow","max-snippet":"max-snippet:-1","max-image-preview":"max-image-preview:large","max-video-preview":"max-video-preview:-1"},"canonical":"https:\/\/www.fonag.org.ec\/web\/1577-2\/","og_locale":"es_ES","og_type":"article","og_title":"\u00bfPor qu\u00e9 celebramos el D\u00eda Mundial del Agua? - FONAG","og_description":"Esta&nbsp;conmemoraci\u00f3n&nbsp;subraya la&nbsp;necesidad&nbsp;del FONAG&nbsp;de fortalecer las acciones de conservaci\u00f3n en&nbsp;fuentes de agua&nbsp;para poder asegurar agua en cantidad y calidad.&nbsp; \u00bfTendremos agua en Quito en los pr\u00f3ximos a\u00f1os?&nbsp;En Quito hay bastante agua, \u00bfverdad? Lo que m\u00e1s tenemos en Ecuador son nevados, por eso siempre tendremos agua, \u00bfes as\u00ed? Son las interrogantes que plantean los habitantes del Distrito [&hellip;]","og_url":"https:\/\/www.fonag.org.ec\/web\/1577-2\/","og_site_name":"FONAG","article_published_time":"2024-08-08T16:44:57+00:00","article_modified_time":"2025-01-28T19:41:49+00:00","og_image":[{"width":1600,"height":1600,"url":"https:\/\/www.fonag.org.ec\/web\/wp-content\/uploads\/2024\/08\/WhatsApp-Image-2024-08-08-at-12.01.20-PM.jpeg","type":"image\/jpeg"}],"author":"Fonag Administrador","twitter_card":"summary_large_image","twitter_misc":{"Escrito por":"Fonag Administrador","Tiempo de lectura":"4 minutos"},"schema":{"@context":"https:\/\/schema.org","@graph":[{"@type":"Article","@id":"https:\/\/www.fonag.org.ec\/web\/1577-2\/#article","isPartOf":{"@id":"https:\/\/www.fonag.org.ec\/web\/1577-2\/"},"author":{"name":"Fonag Administrador","@id":"https:\/\/www.fonag.org.ec\/web\/#\/schema\/person\/f706b95aca44f9594052930113bd5e7b"},"headline":"\u00bfPor qu\u00e9 celebramos el D\u00eda Mundial del Agua?","datePublished":"2024-08-08T16:44:57+00:00","dateModified":"2025-01-28T19:41:49+00:00","mainEntityOfPage":{"@id":"https:\/\/www.fonag.org.ec\/web\/1577-2\/"},"wordCount":750,"commentCount":0,"image":{"@id":"https:\/\/www.fonag.org.ec\/web\/1577-2\/#primaryimage"},"thumbnailUrl":"https:\/\/www.fonag.org.ec\/web\/wp-content\/uploads\/2024\/08\/WhatsApp-Image-2024-08-08-at-12.01.20-PM.jpeg","articleSection":["Noticias"],"inLanguage":"es","potentialAction":[{"@type":"CommentAction","name":"Comment","target":["https:\/\/www.fonag.org.ec\/web\/1577-2\/#respond"]}]},{"@type":"WebPage","@id":"https:\/\/www.fonag.org.ec\/web\/1577-2\/","url":"https:\/\/www.fonag.org.ec\/web\/1577-2\/","name":"\u00bfPor qu\u00e9 celebramos el D\u00eda Mundial del Agua? - FONAG","isPartOf":{"@id":"https:\/\/www.fonag.org.ec\/web\/#website"},"primaryImageOfPage":{"@id":"https:\/\/www.fonag.org.ec\/web\/1577-2\/#primaryimage"},"image":{"@id":"https:\/\/www.fonag.org.ec\/web\/1577-2\/#primaryimage"},"thumbnailUrl":"https:\/\/www.fonag.org.ec\/web\/wp-content\/uploads\/2024\/08\/WhatsApp-Image-2024-08-08-at-12.01.20-PM.jpeg","datePublished":"2024-08-08T16:44:57+00:00","dateModified":"2025-01-28T19:41:49+00:00","author":{"@id":"https:\/\/www.fonag.org.ec\/web\/#\/schema\/person\/f706b95aca44f9594052930113bd5e7b"},"breadcrumb":{"@id":"https:\/\/www.fonag.org.ec\/web\/1577-2\/#breadcrumb"},"inLanguage":"es","potentialAction":[{"@type":"ReadAction","target":["https:\/\/www.fonag.org.ec\/web\/1577-2\/"]}]},{"@type":"ImageObject","inLanguage":"es","@id":"https:\/\/www.fonag.org.ec\/web\/1577-2\/#primaryimage","url":"https:\/\/www.fonag.org.ec\/web\/wp-content\/uploads\/2024\/08\/WhatsApp-Image-2024-08-08-at-12.01.20-PM.jpeg","contentUrl":"https:\/\/www.fonag.org.ec\/web\/wp-content\/uploads\/2024\/08\/WhatsApp-Image-2024-08-08-at-12.01.20-PM.jpeg","width":1600,"height":1600},{"@type":"BreadcrumbList","@id":"https:\/\/www.fonag.org.ec\/web\/1577-2\/#breadcrumb","itemListElement":[{"@type":"ListItem","position":1,"name":"Portada","item":"https:\/\/www.fonag.org.ec\/web\/"},{"@type":"ListItem","position":2,"name":"\u00bfPor qu\u00e9 celebramos el D\u00eda Mundial del Agua?"}]},{"@type":"WebSite","@id":"https:\/\/www.fonag.org.ec\/web\/#website","url":"https:\/\/www.fonag.org.ec\/web\/","name":"Fonag","description":"Fondo para la protecci\u00f3n del agua","potentialAction":[{"@type":"SearchAction","target":{"@type":"EntryPoint","urlTemplate":"https:\/\/www.fonag.org.ec\/web\/?s={search_term_string}"},"query-input":{"@type":"PropertyValueSpecification","valueRequired":true,"valueName":"search_term_string"}}],"inLanguage":"es"},{"@type":"Person","@id":"https:\/\/www.fonag.org.ec\/web\/#\/schema\/person\/f706b95aca44f9594052930113bd5e7b","name":"Fonag Administrador","image":{"@type":"ImageObject","inLanguage":"es","@id":"https:\/\/secure.gravatar.com\/avatar\/156331d783066ed53c179b12766204e7e1a93c4abcc269fc81099224b52af368?s=96&d=mm&r=g","url":"https:\/\/secure.gravatar.com\/avatar\/156331d783066ed53c179b12766204e7e1a93c4abcc269fc81099224b52af368?s=96&d=mm&r=g","contentUrl":"https:\/\/secure.gravatar.com\/avatar\/156331d783066ed53c179b12766204e7e1a93c4abcc269fc81099224b52af368?s=96&d=mm&r=g","caption":"Fonag Administrador"},"sameAs":["https:\/\/www.fonag.org.ec\/web"],"url":"https:\/\/www.fonag.org.ec\/web\/author\/fngdmnstgng\/"}]}},"_links":{"self":[{"href":"https:\/\/www.fonag.org.ec\/web\/wp-json\/wp\/v2\/posts\/1577","targetHints":{"allow":["GET"]}}],"collection":[{"href":"https:\/\/www.fonag.org.ec\/web\/wp-json\/wp\/v2\/posts"}],"about":[{"href":"https:\/\/www.fonag.org.ec\/web\/wp-json\/wp\/v2\/types\/post"}],"author":[{"embeddable":true,"href":"https:\/\/www.fonag.org.ec\/web\/wp-json\/wp\/v2\/users\/1"}],"replies":[{"embeddable":true,"href":"https:\/\/www.fonag.org.ec\/web\/wp-json\/wp\/v2\/comments?post=1577"}],"version-history":[{"count":5,"href":"https:\/\/www.fonag.org.ec\/web\/wp-json\/wp\/v2\/posts\/1577\/revisions"}],"predecessor-version":[{"id":1852,"href":"https:\/\/www.fonag.org.ec\/web\/wp-json\/wp\/v2\/posts\/1577\/revisions\/1852"}],"wp:featuredmedia":[{"embeddable":true,"href":"https:\/\/www.fonag.org.ec\/web\/wp-json\/wp\/v2\/media\/1588"}],"wp:attachment":[{"href":"https:\/\/www.fonag.org.ec\/web\/wp-json\/wp\/v2\/media?parent=1577"}],"wp:term":[{"taxonomy":"category","embeddable":true,"href":"https:\/\/www.fonag.org.ec\/web\/wp-json\/wp\/v2\/categories?post=1577"},{"taxonomy":"post_tag","embeddable":true,"href":"https:\/\/www.fonag.org.ec\/web\/wp-json\/wp\/v2\/tags?post=1577"}],"curies":[{"name":"wp","href":"https:\/\/api.w.org\/{rel}","templated":true}]}}