{"id":1590,"date":"2024-08-08T17:34:57","date_gmt":"2024-08-08T17:34:57","guid":{"rendered":"https:\/\/www.fonag.org.ec\/web\/?p=1590"},"modified":"2025-01-28T19:39:45","modified_gmt":"2025-01-28T19:39:45","slug":"1590-2","status":"publish","type":"post","link":"https:\/\/www.fonag.org.ec\/web\/1590-2\/","title":{"rendered":"Reposici\u00f3n de huella h\u00eddrica suma aliados"},"content":{"rendered":"\n<p class=\"\"><em><strong>El Fondo para la Protecci\u00f3n del Agua de Quito \u2013 FONAG, mantiene convenios con varias entidades para que la huella h\u00eddrica remanente de procesos productivos y organizacionales pueda reponerse mediante un innovador mecanismo<\/strong>, Corporaci\u00f3n Quiport es nuestro m\u00e1s reciente aliado en este importante proceso.&nbsp;<\/em>&nbsp;<\/p>\n\n\n\n<p class=\"\">Luna est\u00e1 amamantando a su beb\u00e9 de cinco meses, ella ha optado por la lactancia exclusiva durante el primer a\u00f1o de vida de su hijo. Debe consumir abundancia de l\u00edquidos sin cafe\u00edna, por lo que bebe -en promedio- 12 vasos de algunos de ellos cada d\u00eda, equivalentes a unos tres litros.&nbsp;&nbsp;<\/p>\n\n\n\n<p class=\"\">Adem\u00e1s, en casa, la familia de Luna lava los platos, la ropa, prepara alimentos, realiza tareas de limpieza y toma una ducha corta, lo que significa un consumo aproximado de 150 litros de agua dulce por persona.&nbsp; En casa viven \u00fanicamente dos adultos y dos ni\u00f1os, consumen entre 400 y 600 litros de agua al d\u00eda, aproximadamente.&nbsp;&nbsp;<\/p>\n\n\n\n<p class=\"\">Luna vive en Angamarca, un barrio ubicado al suroriente de Quito. Desde que era ni\u00f1a tiene muy interiorizado que el agua es un recurso escaso. Sus padres trabajan la tierra desde hace m\u00e1s de 30 a\u00f1os, aplican m\u00e9todos sostenibles y tratan las aguas grises y negras de la casa, mediante filtros naturales. \u201cNo le devolvemos al r\u00edo aguas contaminadas\u201d, dice Sonia, mam\u00e1 de Luna, mientras explica el mecanismo del filtro de aguas negras a base de estructuras que emplean piedras de diferentes tama\u00f1os bajo su huerto.&nbsp;&nbsp;<\/p>\n\n\n\n<p class=\"\">Leer esta historia resulta reconfortante. Pues desde una peque\u00f1a familia hasta las grandes industrias dejamos una huella de consumo de agua dulce, denominada&nbsp;<em>huella h\u00eddrica<\/em>, que no es m\u00e1s que una forma de medir cu\u00e1nta agua utilizamos para nuestras actividades dom\u00e9sticas y para producir los bienes y servicios que consumimos.&nbsp; Es decir:&nbsp; el agua que bebemos, cultivamos los alimentos, fabricamos productos y generamos energ\u00eda.&nbsp;&nbsp;<\/p>\n\n\n\n<p class=\"\">Aguas grises: provienen de los hogares y consisten en los restos de agua que se generan despu\u00e9s de lavar la ropa, tomar una ducha, lavar los trastes, entre otros.&nbsp;<\/p>\n\n\n\n<p class=\"\">Aguas negras: aguas residuales generadas por el inodoro y contienen desechos humanos.&nbsp;<\/p>\n\n\n\n<p class=\"\">Vimos que la huella h\u00eddrica de la familia de Luna es de 400 a 600 litros por d\u00eda, la cifra depende de varios factores, por ello es un promedio. En Quito, el consumo de agua por habitante es de 150 litros por habitante al d\u00eda, pero en verano la cantidad incrementa a 250 litros. A diferencia de pa\u00edses desarrollados como Australia o Alemania, en donde el consumo est\u00e1 por debajo de los 150 litros.&nbsp;&nbsp;<\/p>\n\n\n\n<p class=\"\"><strong>\u00bfCu\u00e1nta agua consumimos para obtener algunos productos?&nbsp;<\/strong><\/p>\n\n\n\n<p class=\"\">Seg\u00fan el profesor neerland\u00e9s Arjen Hoekstra, quien concibi\u00f3 el concepto de huella h\u00eddrica en 2002, para la producci\u00f3n de unos jeans (una unidad de pantal\u00f3n de mezclilla), se requieren 10 mil litros de agua.&nbsp;&nbsp;<\/p>\n\n\n\n<p class=\"\">Mientras que, seg\u00fan el Fondo para la Protecci\u00f3n del Agua, FONAG, para:&nbsp;&nbsp;<\/p>\n\n\n\n<ul class=\"wp-block-list\">\n<li class=\"\"><strong>Una taza de caf\u00e9: 140 litros\u00a0<\/strong><\/li>\n\n\n\n<li class=\"\"><strong>Un gramo de oro: 230 litros de agua\u00a0\u00a0<\/strong><\/li>\n\n\n\n<li class=\"\"><strong>Un kilo de papel: 2000 litros de agua\u00a0\u00a0<\/strong><\/li>\n\n\n\n<li class=\"\"><strong>Una camiseta: 2700 litros de agua\u00a0\u00a0<\/strong><\/li>\n\n\n\n<li class=\"\"><strong>Un kilo de res: 15500 litros de agua<\/strong>\u00a0<\/li>\n<\/ul>\n\n\n\n<p class=\"\">Estos datos nos dan una idea de cu\u00e1nta agua consumimos tanto en nuestra cotidianidad, como en la producci\u00f3n de bienes y servicios.&nbsp;<\/p>\n\n\n\n<p class=\"\"><strong>\u00bfTomamos medidas en Quito?&nbsp;<\/strong><\/p>\n\n\n\n<p class=\"\">Desde hace 24 a\u00f1os, FONAG aporta al cuidado, protecci\u00f3n y restauraci\u00f3n de las fuentes de agua del Distrito Metropolitano de Quito, DMQ, a partir de la implementaci\u00f3n de cuatro programas:&nbsp;<\/p>\n\n\n\n<ul class=\"wp-block-list\">\n<li class=\"\"><strong>\u00c1reas de Conservaci\u00f3n H\u00eddrica Sostenible\u00a0\u00a0<\/strong><\/li>\n\n\n\n<li class=\"\"><strong>Gesti\u00f3n del Agua\u00a0<\/strong><\/li>\n\n\n\n<li class=\"\"><strong>Restauraci\u00f3n de la cobertura vegetal\u00a0\u00a0<\/strong><\/li>\n\n\n\n<li class=\"\"><strong>Educaci\u00f3n Ambiental\u00a0\u00a0<\/strong><\/li>\n<\/ul>\n\n\n\n<p class=\"\">Con ellos, FONAG es capaz de:&nbsp;<\/p>\n\n\n\n<ul class=\"wp-block-list\">\n<li class=\"\"><strong>Generar informaci\u00f3n<\/strong>\u00a0hidroclim\u00e1tica, social y ambiental para la toma de decisiones.\u202f\u202f\u00a0<\/li>\n\n\n\n<li class=\"\"><strong>Recuperar y restaurar<\/strong>\u00a0cobertura vegetal y suelos en \u00e1reas de inter\u00e9s h\u00eddrica.\u202f\u00a0<\/li>\n\n\n\n<li class=\"\"><strong>Conservar humedales, p\u00e1ramos, bosques y matorrales\u00a0<\/strong>remanentes en las \u00e1reas de inter\u00e9s h\u00eddrico y disminuir sus amenazas.\u202f\u202f\u00a0<\/li>\n\n\n\n<li class=\"\"><strong>Establecer compromisos a largo plazo con actores comunitarios<\/strong>, privados, juntas de agua, juntas de riego para conservar las fuentes de agua urbanas y rurales con enfoque hidrosocial.\u202f\u202f\u00a0<\/li>\n\n\n\n<li class=\"\"><strong>Educar y sensibilizar a diferentes actores<\/strong>\u00a0de \u00e1reas prioritarias sobre la responsabilidad compartida de cuidar las fuentes de agua.\u202f\u202f\u00a0<\/li>\n<\/ul>\n\n\n\n<p class=\"\">En suma, estas acciones macro, que se efect\u00faan en el corto, mediano y largo plazo, nos permiten cuidar, proteger, restaurar y mantener a nuestros p\u00e1ramos, fuentes de agua para el DMQ.&nbsp;&nbsp;<\/p>\n\n\n\n<p class=\"\"><strong>Las empresas se convierten en nuestras aliadas. \u00bfC\u00f3mo?&nbsp;<\/strong><\/p>\n\n\n\n<p class=\"\">Nos acercamos a las organizaciones de los sectores empresarial, comercial, de servicios p\u00fablicos o privados para conectarlos con sus fuentes de agua. Si una empresa se ubica en el norte de Quito, el sistema que le abastece viene del flanco oriental, en tanto, podr\u00e1 reponer su huella h\u00eddrica remanente con inversiones en acciones para recuperar y mantener los ecosistemas fuentes de agua de esa zona.&nbsp;&nbsp;&nbsp;<\/p>\n\n\n\n<p class=\"\">Estas acciones pueden ser de restauraci\u00f3n activa y\/o pasiva, acuerdos de conservaci\u00f3n con las comunidades o privados: seguridad h\u00eddrica, producci\u00f3n sostenible y organizaci\u00f3n comunitaria; educaci\u00f3n ambiental, control y vigilancia, entre otros.&nbsp;&nbsp;&nbsp;&nbsp;<\/p>\n\n\n\n<p class=\"\"><strong>Cuantificar, reducir, reponer:&nbsp;<\/strong>&nbsp;<\/p>\n\n\n\n<p class=\"\">En una primera fase, las empresas deben cuantificar y reducir su consumo de agua y en una segunda fase reponer la huella h\u00eddrica remanente, a trav\u00e9s de actividades y proyectos acorde al estado de los ecosistemas fuentes de agua de los que las empresas se abastecen.&nbsp;&nbsp;&nbsp;&nbsp;<\/p>\n\n\n\n<p class=\"\">En Quito, dos grandes empresas se han convertido en nuestras aliadas: GM OBB y Quiport. Cada una de ellas destina recursos econ\u00f3micos a las actividades que realiza FONAG, con la finalidad de reponer su huella h\u00eddrica remanente:&nbsp;&nbsp;<\/p>\n\n\n\n<ul class=\"wp-block-list\">\n<li class=\"\">Reducci\u00f3n de presiones en los ecosistemas fuentes de agua: carga animal, incendios, contaminaci\u00f3n por desechos, entre otros.\u00a0<\/li>\n\n\n\n<li class=\"\">Concientizaci\u00f3n ambiental.\u00a0<\/li>\n\n\n\n<li class=\"\">Involucramiento y articulaci\u00f3n de diferentes actores en actividades de conservaci\u00f3n y mantenimiento de los ecosistemas fuentes de agua.\u00a0<\/li>\n\n\n\n<li class=\"\">Ejecuci\u00f3n de actividades colectivas del personal de Quiport como mingas de limpieza y viverismo para la producci\u00f3n de plantas nativas.\u00a0<\/li>\n\n\n\n<li class=\"\">Dotaci\u00f3n de equipos para el personal de control y vigilancia.\u00a0<\/li>\n<\/ul>\n\n\n\n<p class=\"\">De esta manera,&nbsp;<strong>FONAG invita a las empresas que se abastecen de los ecosistemas fuentes de agua del DMQ a sumarse a esta iniciativa<\/strong>&nbsp;que busca que organizaciones y personas comprendamos el impacto ambiental y social que tiene el uso que damos al agua en nuestro rol de consumidores, saber que dependemos de ella y que a\u00fan tenemos la soluci\u00f3n para reducir su consumo y reponerlo.&nbsp;&nbsp;<\/p>\n\n\n\n<figure class=\"wp-block-image\"><img fetchpriority=\"high\" fetchpriority=\"high\" decoding=\"async\" width=\"2560\" height=\"1440\" src=\"https:\/\/www.fonag.org.ec\/web\/wp-content\/uploads\/2024\/08\/DSC8138-scaled.jpg\" alt=\"\" class=\"wp-image-1593\" title=\"_DSC8138\" srcset=\"https:\/\/www.fonag.org.ec\/web\/wp-content\/uploads\/2024\/08\/DSC8138-scaled.jpg 2560w, https:\/\/www.fonag.org.ec\/web\/wp-content\/uploads\/2024\/08\/DSC8138-1280x720.jpg 1280w, https:\/\/www.fonag.org.ec\/web\/wp-content\/uploads\/2024\/08\/DSC8138-980x551.jpg 980w, https:\/\/www.fonag.org.ec\/web\/wp-content\/uploads\/2024\/08\/DSC8138-480x270.jpg 480w\" sizes=\"(min-width: 0px) and (max-width: 480px) 480px, (min-width: 481px) and (max-width: 980px) 980px, (min-width: 981px) and (max-width: 1280px) 1280px, (min-width: 1281px) 2560px, 100vw\" \/><\/figure>\n\n\n\n<figure class=\"wp-block-image\"><img decoding=\"async\" src=\"https:\/\/www.fonag.org.ec\/web\/wp-content\/uploads\/2024\/08\/20230918_181928178_iOS.jpg\" alt=\"\" class=\"wp-image-1594\" title=\"20230918_181928178_iOS\"\/><\/figure>\n","protected":false},"excerpt":{"rendered":"<p>El Fondo para la Protecci\u00f3n del Agua de Quito \u2013 FONAG, mantiene convenios con varias entidades para que la huella h\u00eddrica remanente de procesos productivos y organizacionales pueda reponerse mediante un innovador mecanismo, Corporaci\u00f3n Quiport es nuestro m\u00e1s reciente aliado en este importante proceso.&nbsp;&nbsp; Luna est\u00e1 amamantando a su beb\u00e9 de cinco meses, ella ha [&hellip;]<\/p>\n","protected":false},"author":1,"featured_media":1592,"comment_status":"open","ping_status":"open","sticky":false,"template":"","format":"standard","meta":{"nf_dc_page":"","_et_pb_use_builder":"off","_et_pb_old_content":"","_et_gb_content_width":"","footnotes":"","_links_to":"","_links_to_target":""},"categories":[22],"tags":[],"class_list":["post-1590","post","type-post","status-publish","format-standard","has-post-thumbnail","hentry","category-noticias"],"yoast_head":"<!-- This site is optimized with the Yoast SEO plugin v27.4 - https:\/\/yoast.com\/product\/yoast-seo-wordpress\/ -->\n<title>Reposici\u00f3n de huella h\u00eddrica suma aliados - FONAG<\/title>\n<meta name=\"robots\" content=\"index, follow, max-snippet:-1, max-image-preview:large, max-video-preview:-1\" \/>\n<link rel=\"canonical\" href=\"https:\/\/www.fonag.org.ec\/web\/1590-2\/\" \/>\n<meta property=\"og:locale\" content=\"es_ES\" \/>\n<meta property=\"og:type\" content=\"article\" \/>\n<meta property=\"og:title\" content=\"Reposici\u00f3n de huella h\u00eddrica suma aliados - FONAG\" \/>\n<meta property=\"og:description\" content=\"El Fondo para la Protecci\u00f3n del Agua de Quito \u2013 FONAG, mantiene convenios con varias entidades para que la huella h\u00eddrica remanente de procesos productivos y organizacionales pueda reponerse mediante un innovador mecanismo, Corporaci\u00f3n Quiport es nuestro m\u00e1s reciente aliado en este importante proceso.&nbsp;&nbsp; Luna est\u00e1 amamantando a su beb\u00e9 de cinco meses, ella ha [&hellip;]\" \/>\n<meta property=\"og:url\" content=\"https:\/\/www.fonag.org.ec\/web\/1590-2\/\" \/>\n<meta property=\"og:site_name\" content=\"FONAG\" \/>\n<meta property=\"article:published_time\" content=\"2024-08-08T17:34:57+00:00\" \/>\n<meta property=\"article:modified_time\" content=\"2025-01-28T19:39:45+00:00\" \/>\n<meta property=\"og:image\" content=\"https:\/\/www.fonag.org.ec\/web\/wp-content\/uploads\/2024\/08\/HuellaHidrica-LOGO03.png\" \/>\n\t<meta property=\"og:image:width\" content=\"713\" \/>\n\t<meta property=\"og:image:height\" content=\"997\" \/>\n\t<meta property=\"og:image:type\" content=\"image\/png\" \/>\n<meta name=\"author\" content=\"Fonag Administrador\" \/>\n<meta name=\"twitter:card\" content=\"summary_large_image\" \/>\n<meta name=\"twitter:label1\" content=\"Escrito por\" \/>\n\t<meta name=\"twitter:data1\" content=\"Fonag Administrador\" \/>\n\t<meta name=\"twitter:label2\" content=\"Tiempo de lectura\" \/>\n\t<meta name=\"twitter:data2\" content=\"6 minutos\" \/>\n<script type=\"application\/ld+json\" class=\"yoast-schema-graph\">{\"@context\":\"https:\\\/\\\/schema.org\",\"@graph\":[{\"@type\":\"Article\",\"@id\":\"https:\\\/\\\/www.fonag.org.ec\\\/web\\\/1590-2\\\/#article\",\"isPartOf\":{\"@id\":\"https:\\\/\\\/www.fonag.org.ec\\\/web\\\/1590-2\\\/\"},\"author\":{\"name\":\"Fonag Administrador\",\"@id\":\"https:\\\/\\\/www.fonag.org.ec\\\/web\\\/#\\\/schema\\\/person\\\/f706b95aca44f9594052930113bd5e7b\"},\"headline\":\"Reposici\u00f3n de huella h\u00eddrica suma aliados\",\"datePublished\":\"2024-08-08T17:34:57+00:00\",\"dateModified\":\"2025-01-28T19:39:45+00:00\",\"mainEntityOfPage\":{\"@id\":\"https:\\\/\\\/www.fonag.org.ec\\\/web\\\/1590-2\\\/\"},\"wordCount\":1141,\"commentCount\":0,\"image\":{\"@id\":\"https:\\\/\\\/www.fonag.org.ec\\\/web\\\/1590-2\\\/#primaryimage\"},\"thumbnailUrl\":\"https:\\\/\\\/www.fonag.org.ec\\\/web\\\/wp-content\\\/uploads\\\/2024\\\/08\\\/HuellaHidrica-LOGO03.png\",\"articleSection\":[\"Noticias\"],\"inLanguage\":\"es\",\"potentialAction\":[{\"@type\":\"CommentAction\",\"name\":\"Comment\",\"target\":[\"https:\\\/\\\/www.fonag.org.ec\\\/web\\\/1590-2\\\/#respond\"]}]},{\"@type\":\"WebPage\",\"@id\":\"https:\\\/\\\/www.fonag.org.ec\\\/web\\\/1590-2\\\/\",\"url\":\"https:\\\/\\\/www.fonag.org.ec\\\/web\\\/1590-2\\\/\",\"name\":\"Reposici\u00f3n de huella h\u00eddrica suma aliados - FONAG\",\"isPartOf\":{\"@id\":\"https:\\\/\\\/www.fonag.org.ec\\\/web\\\/#website\"},\"primaryImageOfPage\":{\"@id\":\"https:\\\/\\\/www.fonag.org.ec\\\/web\\\/1590-2\\\/#primaryimage\"},\"image\":{\"@id\":\"https:\\\/\\\/www.fonag.org.ec\\\/web\\\/1590-2\\\/#primaryimage\"},\"thumbnailUrl\":\"https:\\\/\\\/www.fonag.org.ec\\\/web\\\/wp-content\\\/uploads\\\/2024\\\/08\\\/HuellaHidrica-LOGO03.png\",\"datePublished\":\"2024-08-08T17:34:57+00:00\",\"dateModified\":\"2025-01-28T19:39:45+00:00\",\"author\":{\"@id\":\"https:\\\/\\\/www.fonag.org.ec\\\/web\\\/#\\\/schema\\\/person\\\/f706b95aca44f9594052930113bd5e7b\"},\"breadcrumb\":{\"@id\":\"https:\\\/\\\/www.fonag.org.ec\\\/web\\\/1590-2\\\/#breadcrumb\"},\"inLanguage\":\"es\",\"potentialAction\":[{\"@type\":\"ReadAction\",\"target\":[\"https:\\\/\\\/www.fonag.org.ec\\\/web\\\/1590-2\\\/\"]}]},{\"@type\":\"ImageObject\",\"inLanguage\":\"es\",\"@id\":\"https:\\\/\\\/www.fonag.org.ec\\\/web\\\/1590-2\\\/#primaryimage\",\"url\":\"https:\\\/\\\/www.fonag.org.ec\\\/web\\\/wp-content\\\/uploads\\\/2024\\\/08\\\/HuellaHidrica-LOGO03.png\",\"contentUrl\":\"https:\\\/\\\/www.fonag.org.ec\\\/web\\\/wp-content\\\/uploads\\\/2024\\\/08\\\/HuellaHidrica-LOGO03.png\",\"width\":713,\"height\":997},{\"@type\":\"BreadcrumbList\",\"@id\":\"https:\\\/\\\/www.fonag.org.ec\\\/web\\\/1590-2\\\/#breadcrumb\",\"itemListElement\":[{\"@type\":\"ListItem\",\"position\":1,\"name\":\"Portada\",\"item\":\"https:\\\/\\\/www.fonag.org.ec\\\/web\\\/\"},{\"@type\":\"ListItem\",\"position\":2,\"name\":\"Reposici\u00f3n de huella h\u00eddrica suma aliados\"}]},{\"@type\":\"WebSite\",\"@id\":\"https:\\\/\\\/www.fonag.org.ec\\\/web\\\/#website\",\"url\":\"https:\\\/\\\/www.fonag.org.ec\\\/web\\\/\",\"name\":\"Fonag\",\"description\":\"Fondo para la protecci\u00f3n del agua\",\"potentialAction\":[{\"@type\":\"SearchAction\",\"target\":{\"@type\":\"EntryPoint\",\"urlTemplate\":\"https:\\\/\\\/www.fonag.org.ec\\\/web\\\/?s={search_term_string}\"},\"query-input\":{\"@type\":\"PropertyValueSpecification\",\"valueRequired\":true,\"valueName\":\"search_term_string\"}}],\"inLanguage\":\"es\"},{\"@type\":\"Person\",\"@id\":\"https:\\\/\\\/www.fonag.org.ec\\\/web\\\/#\\\/schema\\\/person\\\/f706b95aca44f9594052930113bd5e7b\",\"name\":\"Fonag Administrador\",\"image\":{\"@type\":\"ImageObject\",\"inLanguage\":\"es\",\"@id\":\"https:\\\/\\\/secure.gravatar.com\\\/avatar\\\/156331d783066ed53c179b12766204e7e1a93c4abcc269fc81099224b52af368?s=96&d=mm&r=g\",\"url\":\"https:\\\/\\\/secure.gravatar.com\\\/avatar\\\/156331d783066ed53c179b12766204e7e1a93c4abcc269fc81099224b52af368?s=96&d=mm&r=g\",\"contentUrl\":\"https:\\\/\\\/secure.gravatar.com\\\/avatar\\\/156331d783066ed53c179b12766204e7e1a93c4abcc269fc81099224b52af368?s=96&d=mm&r=g\",\"caption\":\"Fonag Administrador\"},\"sameAs\":[\"https:\\\/\\\/www.fonag.org.ec\\\/web\"],\"url\":\"https:\\\/\\\/www.fonag.org.ec\\\/web\\\/author\\\/fngdmnstgng\\\/\"}]}<\/script>\n<!-- \/ Yoast SEO plugin. -->","yoast_head_json":{"title":"Reposici\u00f3n de huella h\u00eddrica suma aliados - FONAG","robots":{"index":"index","follow":"follow","max-snippet":"max-snippet:-1","max-image-preview":"max-image-preview:large","max-video-preview":"max-video-preview:-1"},"canonical":"https:\/\/www.fonag.org.ec\/web\/1590-2\/","og_locale":"es_ES","og_type":"article","og_title":"Reposici\u00f3n de huella h\u00eddrica suma aliados - FONAG","og_description":"El Fondo para la Protecci\u00f3n del Agua de Quito \u2013 FONAG, mantiene convenios con varias entidades para que la huella h\u00eddrica remanente de procesos productivos y organizacionales pueda reponerse mediante un innovador mecanismo, Corporaci\u00f3n Quiport es nuestro m\u00e1s reciente aliado en este importante proceso.&nbsp;&nbsp; Luna est\u00e1 amamantando a su beb\u00e9 de cinco meses, ella ha [&hellip;]","og_url":"https:\/\/www.fonag.org.ec\/web\/1590-2\/","og_site_name":"FONAG","article_published_time":"2024-08-08T17:34:57+00:00","article_modified_time":"2025-01-28T19:39:45+00:00","og_image":[{"width":713,"height":997,"url":"https:\/\/www.fonag.org.ec\/web\/wp-content\/uploads\/2024\/08\/HuellaHidrica-LOGO03.png","type":"image\/png"}],"author":"Fonag Administrador","twitter_card":"summary_large_image","twitter_misc":{"Escrito por":"Fonag Administrador","Tiempo de lectura":"6 minutos"},"schema":{"@context":"https:\/\/schema.org","@graph":[{"@type":"Article","@id":"https:\/\/www.fonag.org.ec\/web\/1590-2\/#article","isPartOf":{"@id":"https:\/\/www.fonag.org.ec\/web\/1590-2\/"},"author":{"name":"Fonag Administrador","@id":"https:\/\/www.fonag.org.ec\/web\/#\/schema\/person\/f706b95aca44f9594052930113bd5e7b"},"headline":"Reposici\u00f3n de huella h\u00eddrica suma aliados","datePublished":"2024-08-08T17:34:57+00:00","dateModified":"2025-01-28T19:39:45+00:00","mainEntityOfPage":{"@id":"https:\/\/www.fonag.org.ec\/web\/1590-2\/"},"wordCount":1141,"commentCount":0,"image":{"@id":"https:\/\/www.fonag.org.ec\/web\/1590-2\/#primaryimage"},"thumbnailUrl":"https:\/\/www.fonag.org.ec\/web\/wp-content\/uploads\/2024\/08\/HuellaHidrica-LOGO03.png","articleSection":["Noticias"],"inLanguage":"es","potentialAction":[{"@type":"CommentAction","name":"Comment","target":["https:\/\/www.fonag.org.ec\/web\/1590-2\/#respond"]}]},{"@type":"WebPage","@id":"https:\/\/www.fonag.org.ec\/web\/1590-2\/","url":"https:\/\/www.fonag.org.ec\/web\/1590-2\/","name":"Reposici\u00f3n de huella h\u00eddrica suma aliados - FONAG","isPartOf":{"@id":"https:\/\/www.fonag.org.ec\/web\/#website"},"primaryImageOfPage":{"@id":"https:\/\/www.fonag.org.ec\/web\/1590-2\/#primaryimage"},"image":{"@id":"https:\/\/www.fonag.org.ec\/web\/1590-2\/#primaryimage"},"thumbnailUrl":"https:\/\/www.fonag.org.ec\/web\/wp-content\/uploads\/2024\/08\/HuellaHidrica-LOGO03.png","datePublished":"2024-08-08T17:34:57+00:00","dateModified":"2025-01-28T19:39:45+00:00","author":{"@id":"https:\/\/www.fonag.org.ec\/web\/#\/schema\/person\/f706b95aca44f9594052930113bd5e7b"},"breadcrumb":{"@id":"https:\/\/www.fonag.org.ec\/web\/1590-2\/#breadcrumb"},"inLanguage":"es","potentialAction":[{"@type":"ReadAction","target":["https:\/\/www.fonag.org.ec\/web\/1590-2\/"]}]},{"@type":"ImageObject","inLanguage":"es","@id":"https:\/\/www.fonag.org.ec\/web\/1590-2\/#primaryimage","url":"https:\/\/www.fonag.org.ec\/web\/wp-content\/uploads\/2024\/08\/HuellaHidrica-LOGO03.png","contentUrl":"https:\/\/www.fonag.org.ec\/web\/wp-content\/uploads\/2024\/08\/HuellaHidrica-LOGO03.png","width":713,"height":997},{"@type":"BreadcrumbList","@id":"https:\/\/www.fonag.org.ec\/web\/1590-2\/#breadcrumb","itemListElement":[{"@type":"ListItem","position":1,"name":"Portada","item":"https:\/\/www.fonag.org.ec\/web\/"},{"@type":"ListItem","position":2,"name":"Reposici\u00f3n de huella h\u00eddrica suma aliados"}]},{"@type":"WebSite","@id":"https:\/\/www.fonag.org.ec\/web\/#website","url":"https:\/\/www.fonag.org.ec\/web\/","name":"Fonag","description":"Fondo para la protecci\u00f3n del agua","potentialAction":[{"@type":"SearchAction","target":{"@type":"EntryPoint","urlTemplate":"https:\/\/www.fonag.org.ec\/web\/?s={search_term_string}"},"query-input":{"@type":"PropertyValueSpecification","valueRequired":true,"valueName":"search_term_string"}}],"inLanguage":"es"},{"@type":"Person","@id":"https:\/\/www.fonag.org.ec\/web\/#\/schema\/person\/f706b95aca44f9594052930113bd5e7b","name":"Fonag Administrador","image":{"@type":"ImageObject","inLanguage":"es","@id":"https:\/\/secure.gravatar.com\/avatar\/156331d783066ed53c179b12766204e7e1a93c4abcc269fc81099224b52af368?s=96&d=mm&r=g","url":"https:\/\/secure.gravatar.com\/avatar\/156331d783066ed53c179b12766204e7e1a93c4abcc269fc81099224b52af368?s=96&d=mm&r=g","contentUrl":"https:\/\/secure.gravatar.com\/avatar\/156331d783066ed53c179b12766204e7e1a93c4abcc269fc81099224b52af368?s=96&d=mm&r=g","caption":"Fonag Administrador"},"sameAs":["https:\/\/www.fonag.org.ec\/web"],"url":"https:\/\/www.fonag.org.ec\/web\/author\/fngdmnstgng\/"}]}},"_links":{"self":[{"href":"https:\/\/www.fonag.org.ec\/web\/wp-json\/wp\/v2\/posts\/1590","targetHints":{"allow":["GET"]}}],"collection":[{"href":"https:\/\/www.fonag.org.ec\/web\/wp-json\/wp\/v2\/posts"}],"about":[{"href":"https:\/\/www.fonag.org.ec\/web\/wp-json\/wp\/v2\/types\/post"}],"author":[{"embeddable":true,"href":"https:\/\/www.fonag.org.ec\/web\/wp-json\/wp\/v2\/users\/1"}],"replies":[{"embeddable":true,"href":"https:\/\/www.fonag.org.ec\/web\/wp-json\/wp\/v2\/comments?post=1590"}],"version-history":[{"count":5,"href":"https:\/\/www.fonag.org.ec\/web\/wp-json\/wp\/v2\/posts\/1590\/revisions"}],"predecessor-version":[{"id":1851,"href":"https:\/\/www.fonag.org.ec\/web\/wp-json\/wp\/v2\/posts\/1590\/revisions\/1851"}],"wp:featuredmedia":[{"embeddable":true,"href":"https:\/\/www.fonag.org.ec\/web\/wp-json\/wp\/v2\/media\/1592"}],"wp:attachment":[{"href":"https:\/\/www.fonag.org.ec\/web\/wp-json\/wp\/v2\/media?parent=1590"}],"wp:term":[{"taxonomy":"category","embeddable":true,"href":"https:\/\/www.fonag.org.ec\/web\/wp-json\/wp\/v2\/categories?post=1590"},{"taxonomy":"post_tag","embeddable":true,"href":"https:\/\/www.fonag.org.ec\/web\/wp-json\/wp\/v2\/tags?post=1590"}],"curies":[{"name":"wp","href":"https:\/\/api.w.org\/{rel}","templated":true}]}}