{"id":1694,"date":"2024-09-02T23:32:43","date_gmt":"2024-09-02T23:32:43","guid":{"rendered":"https:\/\/www.fonag.org.ec\/web\/?p=1694"},"modified":"2025-01-28T19:35:06","modified_gmt":"2025-01-28T19:35:06","slug":"minga-por-el-paramo-1-000kg-de-basura-se-recogieron-en-papallacta","status":"publish","type":"post","link":"https:\/\/www.fonag.org.ec\/web\/minga-por-el-paramo-1-000kg-de-basura-se-recogieron-en-papallacta\/","title":{"rendered":"Minga por el p\u00e1ramo: 1.000kg de basura se recogieron en Papallacta"},"content":{"rendered":"\n<p class=\"\">El viernes se vivi\u00f3 una jornada de limpieza, el GAD Parroquial de Papallacta, Epmaps \u2013 Agua de Quito, el Ministerio del Ambiente, Agua y Transici\u00f3n Ecol\u00f3gica de Ecuador, y el Fondo para la Protecci\u00f3n del Agua (FONAG) trabajaron juntos para abordar el problema de la contaminaci\u00f3n en la ruta E20, entre Papallacta y El Tambo.<\/p>\n\n\n\n<figure class=\"wp-block-image\"><img fetchpriority=\"high\" fetchpriority=\"high\" decoding=\"async\" width=\"1919\" height=\"1080\" src=\"https:\/\/www.fonag.org.ec\/web\/wp-content\/uploads\/2024\/09\/DSC2176-Grande.jpg\" alt=\"\" class=\"wp-image-1688\" srcset=\"https:\/\/www.fonag.org.ec\/web\/wp-content\/uploads\/2024\/09\/DSC2176-Grande.jpg 1919w, https:\/\/www.fonag.org.ec\/web\/wp-content\/uploads\/2024\/09\/DSC2176-Grande-1280x720.jpg 1280w, https:\/\/www.fonag.org.ec\/web\/wp-content\/uploads\/2024\/09\/DSC2176-Grande-980x552.jpg 980w, https:\/\/www.fonag.org.ec\/web\/wp-content\/uploads\/2024\/09\/DSC2176-Grande-480x270.jpg 480w\" sizes=\"(min-width: 0px) and (max-width: 480px) 480px, (min-width: 481px) and (max-width: 980px) 980px, (min-width: 981px) and (max-width: 1280px) 1280px, (min-width: 1281px) 1919px, 100vw\" \/><\/figure>\n\n\n\n<p class=\"\">Durante esta actividad, 103 voluntarios recorrieron 8 kil\u00f3metros y recolectaron 1202 kilos de basura durante dos horas de trabajo comunitario.<\/p>\n\n\n\n<p class=\"\">Esta jornada subraya la necesidad de acciones concretas para mantener los p\u00e1ramos, que son esenciales para el suministro de agua en la regi\u00f3n, libres de residuos. Los p\u00e1ramos son ecosistemas que desempe\u00f1an un papel crucial en la regulaci\u00f3n h\u00eddrica, y su capacidad para cumplir esta funci\u00f3n puede verse afectada negativamente por la presencia de basura.<\/p>\n\n\n\n<p class=\"\">El objetivo de esta actividad fue retirar desechos s\u00f3lidos que podr\u00edan perjudicar la calidad del agua y el ecosistema local. Adem\u00e1s de mejorar el estado de la ruta, la jornada de limpieza refuerza la importancia de una gesti\u00f3n adecuada de residuos en \u00e1reas sensibles.<\/p>\n\n\n\n<figure class=\"wp-block-image\"><img decoding=\"async\" width=\"1919\" height=\"1080\" src=\"https:\/\/www.fonag.org.ec\/web\/wp-content\/uploads\/2024\/09\/DSC2129-Grande.jpg\" alt=\"\" class=\"wp-image-1704\" srcset=\"https:\/\/www.fonag.org.ec\/web\/wp-content\/uploads\/2024\/09\/DSC2129-Grande.jpg 1919w, https:\/\/www.fonag.org.ec\/web\/wp-content\/uploads\/2024\/09\/DSC2129-Grande-1280x720.jpg 1280w, https:\/\/www.fonag.org.ec\/web\/wp-content\/uploads\/2024\/09\/DSC2129-Grande-980x552.jpg 980w, https:\/\/www.fonag.org.ec\/web\/wp-content\/uploads\/2024\/09\/DSC2129-Grande-480x270.jpg 480w\" sizes=\"(min-width: 0px) and (max-width: 480px) 480px, (min-width: 481px) and (max-width: 980px) 980px, (min-width: 981px) and (max-width: 1280px) 1280px, (min-width: 1281px) 1919px, 100vw\" \/><\/figure>\n\n\n\n<p class=\"\">Este tipo de iniciativas demuestran la importancia de la colaboraci\u00f3n entre diversas entidades para la conservaci\u00f3n de los recursos naturales. Es fundamental continuar con este tipo de actividades para asegurar que los p\u00e1ramos puedan seguir desempe\u00f1ando su funci\u00f3n ecol\u00f3gica.<\/p>\n\n\n\n<p class=\"\">Recuerda: Los p\u00e1ramos son fuentes de agua, no los contamines.<\/p>\n","protected":false},"excerpt":{"rendered":"<p>El viernes se vivi\u00f3 una jornada de limpieza, el GAD Parroquial de Papallacta, Epmaps \u2013 Agua de Quito, el Ministerio del Ambiente, Agua y Transici\u00f3n Ecol\u00f3gica de Ecuador, y el Fondo para la Protecci\u00f3n del Agua (FONAG) trabajaron juntos para abordar el problema de la contaminaci\u00f3n en la ruta E20, entre Papallacta y El Tambo. [&hellip;]<\/p>\n","protected":false},"author":1,"featured_media":1692,"comment_status":"open","ping_status":"open","sticky":false,"template":"","format":"standard","meta":{"nf_dc_page":"","_et_pb_use_builder":"off","_et_pb_old_content":"","_et_gb_content_width":"","footnotes":"","_links_to":"","_links_to_target":""},"categories":[22],"tags":[49,47,48],"class_list":["post-1694","post","type-post","status-publish","format-standard","has-post-thumbnail","hentry","category-noticias","tag-fonag","tag-minga-de-limpieza","tag-papallacta"],"yoast_head":"<!-- This site is optimized with the Yoast SEO plugin v27.4 - https:\/\/yoast.com\/product\/yoast-seo-wordpress\/ -->\n<title>Minga por el p\u00e1ramo: 1.000kg de basura se recogieron en Papallacta - FONAG<\/title>\n<meta name=\"robots\" content=\"index, follow, max-snippet:-1, max-image-preview:large, max-video-preview:-1\" \/>\n<link rel=\"canonical\" href=\"https:\/\/www.fonag.org.ec\/web\/minga-por-el-paramo-1-000kg-de-basura-se-recogieron-en-papallacta\/\" \/>\n<meta property=\"og:locale\" content=\"es_ES\" \/>\n<meta property=\"og:type\" content=\"article\" \/>\n<meta property=\"og:title\" content=\"Minga por el p\u00e1ramo: 1.000kg de basura se recogieron en Papallacta - FONAG\" \/>\n<meta property=\"og:description\" content=\"El viernes se vivi\u00f3 una jornada de limpieza, el GAD Parroquial de Papallacta, Epmaps \u2013 Agua de Quito, el Ministerio del Ambiente, Agua y Transici\u00f3n Ecol\u00f3gica de Ecuador, y el Fondo para la Protecci\u00f3n del Agua (FONAG) trabajaron juntos para abordar el problema de la contaminaci\u00f3n en la ruta E20, entre Papallacta y El Tambo. [&hellip;]\" \/>\n<meta property=\"og:url\" content=\"https:\/\/www.fonag.org.ec\/web\/minga-por-el-paramo-1-000kg-de-basura-se-recogieron-en-papallacta\/\" \/>\n<meta property=\"og:site_name\" content=\"FONAG\" \/>\n<meta property=\"article:published_time\" content=\"2024-09-02T23:32:43+00:00\" \/>\n<meta property=\"article:modified_time\" content=\"2025-01-28T19:35:06+00:00\" \/>\n<meta property=\"og:image\" content=\"https:\/\/www.fonag.org.ec\/web\/wp-content\/uploads\/2024\/09\/DSC2203-Grande.jpg\" \/>\n\t<meta property=\"og:image:width\" content=\"1919\" \/>\n\t<meta property=\"og:image:height\" content=\"1080\" \/>\n\t<meta property=\"og:image:type\" content=\"image\/jpeg\" \/>\n<meta name=\"author\" content=\"Fonag Administrador\" \/>\n<meta name=\"twitter:card\" content=\"summary_large_image\" \/>\n<meta name=\"twitter:label1\" content=\"Escrito por\" \/>\n\t<meta name=\"twitter:data1\" content=\"Fonag Administrador\" \/>\n\t<meta name=\"twitter:label2\" content=\"Tiempo de lectura\" \/>\n\t<meta name=\"twitter:data2\" content=\"2 minutos\" \/>\n<script type=\"application\/ld+json\" class=\"yoast-schema-graph\">{\"@context\":\"https:\\\/\\\/schema.org\",\"@graph\":[{\"@type\":\"Article\",\"@id\":\"https:\\\/\\\/www.fonag.org.ec\\\/web\\\/minga-por-el-paramo-1-000kg-de-basura-se-recogieron-en-papallacta\\\/#article\",\"isPartOf\":{\"@id\":\"https:\\\/\\\/www.fonag.org.ec\\\/web\\\/minga-por-el-paramo-1-000kg-de-basura-se-recogieron-en-papallacta\\\/\"},\"author\":{\"name\":\"Fonag Administrador\",\"@id\":\"https:\\\/\\\/www.fonag.org.ec\\\/web\\\/#\\\/schema\\\/person\\\/f706b95aca44f9594052930113bd5e7b\"},\"headline\":\"Minga por el p\u00e1ramo: 1.000kg de basura se recogieron en Papallacta\",\"datePublished\":\"2024-09-02T23:32:43+00:00\",\"dateModified\":\"2025-01-28T19:35:06+00:00\",\"mainEntityOfPage\":{\"@id\":\"https:\\\/\\\/www.fonag.org.ec\\\/web\\\/minga-por-el-paramo-1-000kg-de-basura-se-recogieron-en-papallacta\\\/\"},\"wordCount\":254,\"commentCount\":0,\"image\":{\"@id\":\"https:\\\/\\\/www.fonag.org.ec\\\/web\\\/minga-por-el-paramo-1-000kg-de-basura-se-recogieron-en-papallacta\\\/#primaryimage\"},\"thumbnailUrl\":\"https:\\\/\\\/www.fonag.org.ec\\\/web\\\/wp-content\\\/uploads\\\/2024\\\/09\\\/DSC2203-Grande.jpg\",\"keywords\":[\"FONAG\",\"minga de limpieza\",\"papallacta\"],\"articleSection\":[\"Noticias\"],\"inLanguage\":\"es\",\"potentialAction\":[{\"@type\":\"CommentAction\",\"name\":\"Comment\",\"target\":[\"https:\\\/\\\/www.fonag.org.ec\\\/web\\\/minga-por-el-paramo-1-000kg-de-basura-se-recogieron-en-papallacta\\\/#respond\"]}]},{\"@type\":\"WebPage\",\"@id\":\"https:\\\/\\\/www.fonag.org.ec\\\/web\\\/minga-por-el-paramo-1-000kg-de-basura-se-recogieron-en-papallacta\\\/\",\"url\":\"https:\\\/\\\/www.fonag.org.ec\\\/web\\\/minga-por-el-paramo-1-000kg-de-basura-se-recogieron-en-papallacta\\\/\",\"name\":\"Minga por el p\u00e1ramo: 1.000kg de basura se recogieron en Papallacta - FONAG\",\"isPartOf\":{\"@id\":\"https:\\\/\\\/www.fonag.org.ec\\\/web\\\/#website\"},\"primaryImageOfPage\":{\"@id\":\"https:\\\/\\\/www.fonag.org.ec\\\/web\\\/minga-por-el-paramo-1-000kg-de-basura-se-recogieron-en-papallacta\\\/#primaryimage\"},\"image\":{\"@id\":\"https:\\\/\\\/www.fonag.org.ec\\\/web\\\/minga-por-el-paramo-1-000kg-de-basura-se-recogieron-en-papallacta\\\/#primaryimage\"},\"thumbnailUrl\":\"https:\\\/\\\/www.fonag.org.ec\\\/web\\\/wp-content\\\/uploads\\\/2024\\\/09\\\/DSC2203-Grande.jpg\",\"datePublished\":\"2024-09-02T23:32:43+00:00\",\"dateModified\":\"2025-01-28T19:35:06+00:00\",\"author\":{\"@id\":\"https:\\\/\\\/www.fonag.org.ec\\\/web\\\/#\\\/schema\\\/person\\\/f706b95aca44f9594052930113bd5e7b\"},\"breadcrumb\":{\"@id\":\"https:\\\/\\\/www.fonag.org.ec\\\/web\\\/minga-por-el-paramo-1-000kg-de-basura-se-recogieron-en-papallacta\\\/#breadcrumb\"},\"inLanguage\":\"es\",\"potentialAction\":[{\"@type\":\"ReadAction\",\"target\":[\"https:\\\/\\\/www.fonag.org.ec\\\/web\\\/minga-por-el-paramo-1-000kg-de-basura-se-recogieron-en-papallacta\\\/\"]}]},{\"@type\":\"ImageObject\",\"inLanguage\":\"es\",\"@id\":\"https:\\\/\\\/www.fonag.org.ec\\\/web\\\/minga-por-el-paramo-1-000kg-de-basura-se-recogieron-en-papallacta\\\/#primaryimage\",\"url\":\"https:\\\/\\\/www.fonag.org.ec\\\/web\\\/wp-content\\\/uploads\\\/2024\\\/09\\\/DSC2203-Grande.jpg\",\"contentUrl\":\"https:\\\/\\\/www.fonag.org.ec\\\/web\\\/wp-content\\\/uploads\\\/2024\\\/09\\\/DSC2203-Grande.jpg\",\"width\":1919,\"height\":1080},{\"@type\":\"BreadcrumbList\",\"@id\":\"https:\\\/\\\/www.fonag.org.ec\\\/web\\\/minga-por-el-paramo-1-000kg-de-basura-se-recogieron-en-papallacta\\\/#breadcrumb\",\"itemListElement\":[{\"@type\":\"ListItem\",\"position\":1,\"name\":\"Portada\",\"item\":\"https:\\\/\\\/www.fonag.org.ec\\\/web\\\/\"},{\"@type\":\"ListItem\",\"position\":2,\"name\":\"Minga por el p\u00e1ramo: 1.000kg de basura se recogieron en Papallacta\"}]},{\"@type\":\"WebSite\",\"@id\":\"https:\\\/\\\/www.fonag.org.ec\\\/web\\\/#website\",\"url\":\"https:\\\/\\\/www.fonag.org.ec\\\/web\\\/\",\"name\":\"Fonag\",\"description\":\"Fondo para la protecci\u00f3n del agua\",\"potentialAction\":[{\"@type\":\"SearchAction\",\"target\":{\"@type\":\"EntryPoint\",\"urlTemplate\":\"https:\\\/\\\/www.fonag.org.ec\\\/web\\\/?s={search_term_string}\"},\"query-input\":{\"@type\":\"PropertyValueSpecification\",\"valueRequired\":true,\"valueName\":\"search_term_string\"}}],\"inLanguage\":\"es\"},{\"@type\":\"Person\",\"@id\":\"https:\\\/\\\/www.fonag.org.ec\\\/web\\\/#\\\/schema\\\/person\\\/f706b95aca44f9594052930113bd5e7b\",\"name\":\"Fonag Administrador\",\"image\":{\"@type\":\"ImageObject\",\"inLanguage\":\"es\",\"@id\":\"https:\\\/\\\/secure.gravatar.com\\\/avatar\\\/156331d783066ed53c179b12766204e7e1a93c4abcc269fc81099224b52af368?s=96&d=mm&r=g\",\"url\":\"https:\\\/\\\/secure.gravatar.com\\\/avatar\\\/156331d783066ed53c179b12766204e7e1a93c4abcc269fc81099224b52af368?s=96&d=mm&r=g\",\"contentUrl\":\"https:\\\/\\\/secure.gravatar.com\\\/avatar\\\/156331d783066ed53c179b12766204e7e1a93c4abcc269fc81099224b52af368?s=96&d=mm&r=g\",\"caption\":\"Fonag Administrador\"},\"sameAs\":[\"https:\\\/\\\/www.fonag.org.ec\\\/web\"],\"url\":\"https:\\\/\\\/www.fonag.org.ec\\\/web\\\/author\\\/fngdmnstgng\\\/\"}]}<\/script>\n<!-- \/ Yoast SEO plugin. -->","yoast_head_json":{"title":"Minga por el p\u00e1ramo: 1.000kg de basura se recogieron en Papallacta - FONAG","robots":{"index":"index","follow":"follow","max-snippet":"max-snippet:-1","max-image-preview":"max-image-preview:large","max-video-preview":"max-video-preview:-1"},"canonical":"https:\/\/www.fonag.org.ec\/web\/minga-por-el-paramo-1-000kg-de-basura-se-recogieron-en-papallacta\/","og_locale":"es_ES","og_type":"article","og_title":"Minga por el p\u00e1ramo: 1.000kg de basura se recogieron en Papallacta - FONAG","og_description":"El viernes se vivi\u00f3 una jornada de limpieza, el GAD Parroquial de Papallacta, Epmaps \u2013 Agua de Quito, el Ministerio del Ambiente, Agua y Transici\u00f3n Ecol\u00f3gica de Ecuador, y el Fondo para la Protecci\u00f3n del Agua (FONAG) trabajaron juntos para abordar el problema de la contaminaci\u00f3n en la ruta E20, entre Papallacta y El Tambo. [&hellip;]","og_url":"https:\/\/www.fonag.org.ec\/web\/minga-por-el-paramo-1-000kg-de-basura-se-recogieron-en-papallacta\/","og_site_name":"FONAG","article_published_time":"2024-09-02T23:32:43+00:00","article_modified_time":"2025-01-28T19:35:06+00:00","og_image":[{"width":1919,"height":1080,"url":"https:\/\/www.fonag.org.ec\/web\/wp-content\/uploads\/2024\/09\/DSC2203-Grande.jpg","type":"image\/jpeg"}],"author":"Fonag Administrador","twitter_card":"summary_large_image","twitter_misc":{"Escrito por":"Fonag Administrador","Tiempo de lectura":"2 minutos"},"schema":{"@context":"https:\/\/schema.org","@graph":[{"@type":"Article","@id":"https:\/\/www.fonag.org.ec\/web\/minga-por-el-paramo-1-000kg-de-basura-se-recogieron-en-papallacta\/#article","isPartOf":{"@id":"https:\/\/www.fonag.org.ec\/web\/minga-por-el-paramo-1-000kg-de-basura-se-recogieron-en-papallacta\/"},"author":{"name":"Fonag Administrador","@id":"https:\/\/www.fonag.org.ec\/web\/#\/schema\/person\/f706b95aca44f9594052930113bd5e7b"},"headline":"Minga por el p\u00e1ramo: 1.000kg de basura se recogieron en Papallacta","datePublished":"2024-09-02T23:32:43+00:00","dateModified":"2025-01-28T19:35:06+00:00","mainEntityOfPage":{"@id":"https:\/\/www.fonag.org.ec\/web\/minga-por-el-paramo-1-000kg-de-basura-se-recogieron-en-papallacta\/"},"wordCount":254,"commentCount":0,"image":{"@id":"https:\/\/www.fonag.org.ec\/web\/minga-por-el-paramo-1-000kg-de-basura-se-recogieron-en-papallacta\/#primaryimage"},"thumbnailUrl":"https:\/\/www.fonag.org.ec\/web\/wp-content\/uploads\/2024\/09\/DSC2203-Grande.jpg","keywords":["FONAG","minga de limpieza","papallacta"],"articleSection":["Noticias"],"inLanguage":"es","potentialAction":[{"@type":"CommentAction","name":"Comment","target":["https:\/\/www.fonag.org.ec\/web\/minga-por-el-paramo-1-000kg-de-basura-se-recogieron-en-papallacta\/#respond"]}]},{"@type":"WebPage","@id":"https:\/\/www.fonag.org.ec\/web\/minga-por-el-paramo-1-000kg-de-basura-se-recogieron-en-papallacta\/","url":"https:\/\/www.fonag.org.ec\/web\/minga-por-el-paramo-1-000kg-de-basura-se-recogieron-en-papallacta\/","name":"Minga por el p\u00e1ramo: 1.000kg de basura se recogieron en Papallacta - FONAG","isPartOf":{"@id":"https:\/\/www.fonag.org.ec\/web\/#website"},"primaryImageOfPage":{"@id":"https:\/\/www.fonag.org.ec\/web\/minga-por-el-paramo-1-000kg-de-basura-se-recogieron-en-papallacta\/#primaryimage"},"image":{"@id":"https:\/\/www.fonag.org.ec\/web\/minga-por-el-paramo-1-000kg-de-basura-se-recogieron-en-papallacta\/#primaryimage"},"thumbnailUrl":"https:\/\/www.fonag.org.ec\/web\/wp-content\/uploads\/2024\/09\/DSC2203-Grande.jpg","datePublished":"2024-09-02T23:32:43+00:00","dateModified":"2025-01-28T19:35:06+00:00","author":{"@id":"https:\/\/www.fonag.org.ec\/web\/#\/schema\/person\/f706b95aca44f9594052930113bd5e7b"},"breadcrumb":{"@id":"https:\/\/www.fonag.org.ec\/web\/minga-por-el-paramo-1-000kg-de-basura-se-recogieron-en-papallacta\/#breadcrumb"},"inLanguage":"es","potentialAction":[{"@type":"ReadAction","target":["https:\/\/www.fonag.org.ec\/web\/minga-por-el-paramo-1-000kg-de-basura-se-recogieron-en-papallacta\/"]}]},{"@type":"ImageObject","inLanguage":"es","@id":"https:\/\/www.fonag.org.ec\/web\/minga-por-el-paramo-1-000kg-de-basura-se-recogieron-en-papallacta\/#primaryimage","url":"https:\/\/www.fonag.org.ec\/web\/wp-content\/uploads\/2024\/09\/DSC2203-Grande.jpg","contentUrl":"https:\/\/www.fonag.org.ec\/web\/wp-content\/uploads\/2024\/09\/DSC2203-Grande.jpg","width":1919,"height":1080},{"@type":"BreadcrumbList","@id":"https:\/\/www.fonag.org.ec\/web\/minga-por-el-paramo-1-000kg-de-basura-se-recogieron-en-papallacta\/#breadcrumb","itemListElement":[{"@type":"ListItem","position":1,"name":"Portada","item":"https:\/\/www.fonag.org.ec\/web\/"},{"@type":"ListItem","position":2,"name":"Minga por el p\u00e1ramo: 1.000kg de basura se recogieron en Papallacta"}]},{"@type":"WebSite","@id":"https:\/\/www.fonag.org.ec\/web\/#website","url":"https:\/\/www.fonag.org.ec\/web\/","name":"Fonag","description":"Fondo para la protecci\u00f3n del agua","potentialAction":[{"@type":"SearchAction","target":{"@type":"EntryPoint","urlTemplate":"https:\/\/www.fonag.org.ec\/web\/?s={search_term_string}"},"query-input":{"@type":"PropertyValueSpecification","valueRequired":true,"valueName":"search_term_string"}}],"inLanguage":"es"},{"@type":"Person","@id":"https:\/\/www.fonag.org.ec\/web\/#\/schema\/person\/f706b95aca44f9594052930113bd5e7b","name":"Fonag Administrador","image":{"@type":"ImageObject","inLanguage":"es","@id":"https:\/\/secure.gravatar.com\/avatar\/156331d783066ed53c179b12766204e7e1a93c4abcc269fc81099224b52af368?s=96&d=mm&r=g","url":"https:\/\/secure.gravatar.com\/avatar\/156331d783066ed53c179b12766204e7e1a93c4abcc269fc81099224b52af368?s=96&d=mm&r=g","contentUrl":"https:\/\/secure.gravatar.com\/avatar\/156331d783066ed53c179b12766204e7e1a93c4abcc269fc81099224b52af368?s=96&d=mm&r=g","caption":"Fonag Administrador"},"sameAs":["https:\/\/www.fonag.org.ec\/web"],"url":"https:\/\/www.fonag.org.ec\/web\/author\/fngdmnstgng\/"}]}},"_links":{"self":[{"href":"https:\/\/www.fonag.org.ec\/web\/wp-json\/wp\/v2\/posts\/1694","targetHints":{"allow":["GET"]}}],"collection":[{"href":"https:\/\/www.fonag.org.ec\/web\/wp-json\/wp\/v2\/posts"}],"about":[{"href":"https:\/\/www.fonag.org.ec\/web\/wp-json\/wp\/v2\/types\/post"}],"author":[{"embeddable":true,"href":"https:\/\/www.fonag.org.ec\/web\/wp-json\/wp\/v2\/users\/1"}],"replies":[{"embeddable":true,"href":"https:\/\/www.fonag.org.ec\/web\/wp-json\/wp\/v2\/comments?post=1694"}],"version-history":[{"count":4,"href":"https:\/\/www.fonag.org.ec\/web\/wp-json\/wp\/v2\/posts\/1694\/revisions"}],"predecessor-version":[{"id":1849,"href":"https:\/\/www.fonag.org.ec\/web\/wp-json\/wp\/v2\/posts\/1694\/revisions\/1849"}],"wp:featuredmedia":[{"embeddable":true,"href":"https:\/\/www.fonag.org.ec\/web\/wp-json\/wp\/v2\/media\/1692"}],"wp:attachment":[{"href":"https:\/\/www.fonag.org.ec\/web\/wp-json\/wp\/v2\/media?parent=1694"}],"wp:term":[{"taxonomy":"category","embeddable":true,"href":"https:\/\/www.fonag.org.ec\/web\/wp-json\/wp\/v2\/categories?post=1694"},{"taxonomy":"post_tag","embeddable":true,"href":"https:\/\/www.fonag.org.ec\/web\/wp-json\/wp\/v2\/tags?post=1694"}],"curies":[{"name":"wp","href":"https:\/\/api.w.org\/{rel}","templated":true}]}}