{"id":1723,"date":"2024-09-25T18:26:14","date_gmt":"2024-09-25T18:26:14","guid":{"rendered":"https:\/\/www.fonag.org.ec\/web\/?p=1723"},"modified":"2025-01-28T19:32:47","modified_gmt":"2025-01-28T19:32:47","slug":"guardaparamos-del-fonag-apoyan-acciones-contra-incendios-forestales","status":"publish","type":"post","link":"https:\/\/www.fonag.org.ec\/web\/guardaparamos-del-fonag-apoyan-acciones-contra-incendios-forestales\/","title":{"rendered":"Guardap\u00e1ramos del FONAG apoyan acciones contra incendios forestales"},"content":{"rendered":"\n<p class=\"\">30 guardap\u00e1ramos desplegados y activos se suman a todas las tareas emergentes para control de incendios forestales.<\/p>\n\n\n\n<p class=\"\">En apoyo a la emergencia en Guanguiltagua, 15 guardap\u00e1ramos del Fondo para la Protecci\u00f3n del Agua, FONAG, se sumaron a las actividades de mitigaci\u00f3n del fuego y enfriamiento del suelo en el parque Metropolitano.<\/p>\n\n\n\n<figure class=\"wp-block-image\"><img fetchpriority=\"high\" fetchpriority=\"high\" decoding=\"async\" width=\"1440\" height=\"1080\" src=\"https:\/\/www.fonag.org.ec\/web\/wp-content\/uploads\/2024\/09\/4b546731-3016-4c2a-8ce4-888dee695bf0-_Grande_.png\" alt=\"\" class=\"wp-image-1714\" srcset=\"https:\/\/www.fonag.org.ec\/web\/wp-content\/uploads\/2024\/09\/4b546731-3016-4c2a-8ce4-888dee695bf0-_Grande_.png 1440w, https:\/\/www.fonag.org.ec\/web\/wp-content\/uploads\/2024\/09\/4b546731-3016-4c2a-8ce4-888dee695bf0-_Grande_-1280x960.png 1280w, https:\/\/www.fonag.org.ec\/web\/wp-content\/uploads\/2024\/09\/4b546731-3016-4c2a-8ce4-888dee695bf0-_Grande_-980x735.png 980w, https:\/\/www.fonag.org.ec\/web\/wp-content\/uploads\/2024\/09\/4b546731-3016-4c2a-8ce4-888dee695bf0-_Grande_-480x360.png 480w\" sizes=\"(min-width: 0px) and (max-width: 480px) 480px, (min-width: 481px) and (max-width: 980px) 980px, (min-width: 981px) and (max-width: 1280px) 1280px, (min-width: 1281px) 1440px, 100vw\" \/><\/figure>\n\n\n\n<p class=\"\">Todo nuestro contingente se encuentra al servicio del Cuerpo de Bomberos del Distrito Metropolitano de Quito.<\/p>\n\n\n\n<p class=\"\">En su misi\u00f3n de proteger los ecosistemas fuentes agua para el DMQ, 14 guardap\u00e1ramos se han desplazado ayer y hoy a otros puntos donde el fuego se ha propagado:<\/p>\n\n\n\n<ul class=\"wp-block-list\">\n<li class=\"\">Patichubamba \u2013\u00a0 cerca al \u00c1rea de Conservaci\u00f3n H\u00eddrica Alto Pita, 3 guardap\u00e1ramos apoyan a las tareas de sofocamiento del incendio generado en el \u00e1rea. Al momento monitorean la zona para evitar una nueva propagaci\u00f3n del fuego.<\/li>\n\n\n\n<li class=\"\">Pullurima, P\u00edntag \u2013 cerca del \u00c1rea de Conservaci\u00f3n H\u00eddrica Antisana. 6 guardap\u00e1ramos\u00a0 del FONAG, EPMAPS y JOCOTOCO combatieron y sofocaron el incendio generado en la zona.<\/li>\n\n\n\n<li class=\"\">En Tolontag, cumbre del cerro Marco, zona cercana a la hacienda El Inga, 5 guardap\u00e1ramos combaten el fuego para evitar que se propague al Refugio de Vida Silvestre \u00c1rea de Protecci\u00f3n H\u00eddrica Ponce \u2013 Paluguillo.<\/li>\n<\/ul>\n\n\n\n<figure class=\"wp-block-image\"><img decoding=\"async\" width=\"1440\" height=\"1080\" src=\"https:\/\/www.fonag.org.ec\/web\/wp-content\/uploads\/2024\/09\/72a7a1cb-4348-4009-9249-4c36b893e358-_Grande_.png\" alt=\"\" class=\"wp-image-1716\" srcset=\"https:\/\/www.fonag.org.ec\/web\/wp-content\/uploads\/2024\/09\/72a7a1cb-4348-4009-9249-4c36b893e358-_Grande_.png 1440w, https:\/\/www.fonag.org.ec\/web\/wp-content\/uploads\/2024\/09\/72a7a1cb-4348-4009-9249-4c36b893e358-_Grande_-1280x960.png 1280w, https:\/\/www.fonag.org.ec\/web\/wp-content\/uploads\/2024\/09\/72a7a1cb-4348-4009-9249-4c36b893e358-_Grande_-980x735.png 980w, https:\/\/www.fonag.org.ec\/web\/wp-content\/uploads\/2024\/09\/72a7a1cb-4348-4009-9249-4c36b893e358-_Grande_-480x360.png 480w\" sizes=\"(min-width: 0px) and (max-width: 480px) 480px, (min-width: 481px) and (max-width: 980px) 980px, (min-width: 981px) and (max-width: 1280px) 1280px, (min-width: 1281px) 1440px, 100vw\" \/><\/figure>\n\n\n\n<p class=\"\">Las y los guardap\u00e1ramos del FONAG han sido capacitados como Brigadistas Especialistas en Manejo Integral del Fuego, (BREMIF \u2013 Amazon\u00eda sin Fuego \u2013 MAATE) y frente a la emergencia, apoyan a los Cuerpos de Bomberos de Quito y Mej\u00eda para detener los incendios forestales.<\/p>\n\n\n\n<p class=\"\">&nbsp;En este mapa puedes encontrar los puntos en los que nuestros guardap\u00e1ramos se encuentran activados en labores de control de incendios forestales:<\/p>\n\n\n\n<figure class=\"wp-block-image\"><img decoding=\"async\" width=\"794\" height=\"1123\" src=\"https:\/\/www.fonag.org.ec\/web\/wp-content\/uploads\/2024\/09\/MAPA_guardas.png\" alt=\"\" class=\"wp-image-1726\" srcset=\"https:\/\/www.fonag.org.ec\/web\/wp-content\/uploads\/2024\/09\/MAPA_guardas.png 794w, https:\/\/www.fonag.org.ec\/web\/wp-content\/uploads\/2024\/09\/MAPA_guardas-480x679.png 480w\" sizes=\"(min-width: 0px) and (max-width: 480px) 480px, (min-width: 481px) 794px, 100vw\" \/><\/figure>\n\n\n\n<p class=\"\">#JuntosCuidamosLasFuentesDeAgua #JuntosContraElFuego #Jocotoco<\/p>\n","protected":false},"excerpt":{"rendered":"<p>30 guardap\u00e1ramos desplegados y activos se suman a todas las tareas emergentes para control de incendios forestales. En apoyo a la emergencia en Guanguiltagua, 15 guardap\u00e1ramos del Fondo para la Protecci\u00f3n del Agua, FONAG, se sumaron a las actividades de mitigaci\u00f3n del fuego y enfriamiento del suelo en el parque Metropolitano. Todo nuestro contingente se [&hellip;]<\/p>\n","protected":false},"author":1,"featured_media":1721,"comment_status":"open","ping_status":"open","sticky":false,"template":"","format":"standard","meta":{"nf_dc_page":"","_et_pb_use_builder":"off","_et_pb_old_content":"","_et_gb_content_width":"","footnotes":"","_links_to":"","_links_to_target":""},"categories":[22],"tags":[49,52,50,51],"class_list":["post-1723","post","type-post","status-publish","format-standard","has-post-thumbnail","hentry","category-noticias","tag-fonag","tag-guardaparamos","tag-incendios-forestales","tag-quito"],"yoast_head":"<!-- This site is optimized with the Yoast SEO plugin v27.4 - https:\/\/yoast.com\/product\/yoast-seo-wordpress\/ -->\n<title>Guardap\u00e1ramos del FONAG apoyan acciones contra incendios forestales - FONAG<\/title>\n<meta name=\"robots\" content=\"index, follow, max-snippet:-1, max-image-preview:large, max-video-preview:-1\" \/>\n<link rel=\"canonical\" href=\"https:\/\/www.fonag.org.ec\/web\/guardaparamos-del-fonag-apoyan-acciones-contra-incendios-forestales\/\" \/>\n<meta property=\"og:locale\" content=\"es_ES\" \/>\n<meta property=\"og:type\" content=\"article\" \/>\n<meta property=\"og:title\" content=\"Guardap\u00e1ramos del FONAG apoyan acciones contra incendios forestales - FONAG\" \/>\n<meta property=\"og:description\" content=\"30 guardap\u00e1ramos desplegados y activos se suman a todas las tareas emergentes para control de incendios forestales. En apoyo a la emergencia en Guanguiltagua, 15 guardap\u00e1ramos del Fondo para la Protecci\u00f3n del Agua, FONAG, se sumaron a las actividades de mitigaci\u00f3n del fuego y enfriamiento del suelo en el parque Metropolitano. Todo nuestro contingente se [&hellip;]\" \/>\n<meta property=\"og:url\" content=\"https:\/\/www.fonag.org.ec\/web\/guardaparamos-del-fonag-apoyan-acciones-contra-incendios-forestales\/\" \/>\n<meta property=\"og:site_name\" content=\"FONAG\" \/>\n<meta property=\"article:published_time\" content=\"2024-09-25T18:26:14+00:00\" \/>\n<meta property=\"article:modified_time\" content=\"2025-01-28T19:32:47+00:00\" \/>\n<meta property=\"og:image\" content=\"https:\/\/www.fonag.org.ec\/web\/wp-content\/uploads\/2024\/09\/e6838d80-d821-49cf-b1eb-4c05f3fbc247-_Grande_.png\" \/>\n\t<meta property=\"og:image:width\" content=\"1440\" \/>\n\t<meta property=\"og:image:height\" content=\"1080\" \/>\n\t<meta property=\"og:image:type\" content=\"image\/png\" \/>\n<meta name=\"author\" content=\"Fonag Administrador\" \/>\n<meta name=\"twitter:card\" content=\"summary_large_image\" \/>\n<meta name=\"twitter:label1\" content=\"Escrito por\" \/>\n\t<meta name=\"twitter:data1\" content=\"Fonag Administrador\" \/>\n\t<meta name=\"twitter:label2\" content=\"Tiempo de lectura\" \/>\n\t<meta name=\"twitter:data2\" content=\"2 minutos\" \/>\n<script type=\"application\/ld+json\" class=\"yoast-schema-graph\">{\"@context\":\"https:\\\/\\\/schema.org\",\"@graph\":[{\"@type\":\"Article\",\"@id\":\"https:\\\/\\\/www.fonag.org.ec\\\/web\\\/guardaparamos-del-fonag-apoyan-acciones-contra-incendios-forestales\\\/#article\",\"isPartOf\":{\"@id\":\"https:\\\/\\\/www.fonag.org.ec\\\/web\\\/guardaparamos-del-fonag-apoyan-acciones-contra-incendios-forestales\\\/\"},\"author\":{\"name\":\"Fonag Administrador\",\"@id\":\"https:\\\/\\\/www.fonag.org.ec\\\/web\\\/#\\\/schema\\\/person\\\/f706b95aca44f9594052930113bd5e7b\"},\"headline\":\"Guardap\u00e1ramos del FONAG apoyan acciones contra incendios forestales\",\"datePublished\":\"2024-09-25T18:26:14+00:00\",\"dateModified\":\"2025-01-28T19:32:47+00:00\",\"mainEntityOfPage\":{\"@id\":\"https:\\\/\\\/www.fonag.org.ec\\\/web\\\/guardaparamos-del-fonag-apoyan-acciones-contra-incendios-forestales\\\/\"},\"wordCount\":282,\"commentCount\":0,\"image\":{\"@id\":\"https:\\\/\\\/www.fonag.org.ec\\\/web\\\/guardaparamos-del-fonag-apoyan-acciones-contra-incendios-forestales\\\/#primaryimage\"},\"thumbnailUrl\":\"https:\\\/\\\/www.fonag.org.ec\\\/web\\\/wp-content\\\/uploads\\\/2024\\\/09\\\/e6838d80-d821-49cf-b1eb-4c05f3fbc247-_Grande_.png\",\"keywords\":[\"FONAG\",\"guardap\u00e1ramos\",\"incendios forestales\",\"quito\"],\"articleSection\":[\"Noticias\"],\"inLanguage\":\"es\",\"potentialAction\":[{\"@type\":\"CommentAction\",\"name\":\"Comment\",\"target\":[\"https:\\\/\\\/www.fonag.org.ec\\\/web\\\/guardaparamos-del-fonag-apoyan-acciones-contra-incendios-forestales\\\/#respond\"]}]},{\"@type\":\"WebPage\",\"@id\":\"https:\\\/\\\/www.fonag.org.ec\\\/web\\\/guardaparamos-del-fonag-apoyan-acciones-contra-incendios-forestales\\\/\",\"url\":\"https:\\\/\\\/www.fonag.org.ec\\\/web\\\/guardaparamos-del-fonag-apoyan-acciones-contra-incendios-forestales\\\/\",\"name\":\"Guardap\u00e1ramos del FONAG apoyan acciones contra incendios forestales - FONAG\",\"isPartOf\":{\"@id\":\"https:\\\/\\\/www.fonag.org.ec\\\/web\\\/#website\"},\"primaryImageOfPage\":{\"@id\":\"https:\\\/\\\/www.fonag.org.ec\\\/web\\\/guardaparamos-del-fonag-apoyan-acciones-contra-incendios-forestales\\\/#primaryimage\"},\"image\":{\"@id\":\"https:\\\/\\\/www.fonag.org.ec\\\/web\\\/guardaparamos-del-fonag-apoyan-acciones-contra-incendios-forestales\\\/#primaryimage\"},\"thumbnailUrl\":\"https:\\\/\\\/www.fonag.org.ec\\\/web\\\/wp-content\\\/uploads\\\/2024\\\/09\\\/e6838d80-d821-49cf-b1eb-4c05f3fbc247-_Grande_.png\",\"datePublished\":\"2024-09-25T18:26:14+00:00\",\"dateModified\":\"2025-01-28T19:32:47+00:00\",\"author\":{\"@id\":\"https:\\\/\\\/www.fonag.org.ec\\\/web\\\/#\\\/schema\\\/person\\\/f706b95aca44f9594052930113bd5e7b\"},\"breadcrumb\":{\"@id\":\"https:\\\/\\\/www.fonag.org.ec\\\/web\\\/guardaparamos-del-fonag-apoyan-acciones-contra-incendios-forestales\\\/#breadcrumb\"},\"inLanguage\":\"es\",\"potentialAction\":[{\"@type\":\"ReadAction\",\"target\":[\"https:\\\/\\\/www.fonag.org.ec\\\/web\\\/guardaparamos-del-fonag-apoyan-acciones-contra-incendios-forestales\\\/\"]}]},{\"@type\":\"ImageObject\",\"inLanguage\":\"es\",\"@id\":\"https:\\\/\\\/www.fonag.org.ec\\\/web\\\/guardaparamos-del-fonag-apoyan-acciones-contra-incendios-forestales\\\/#primaryimage\",\"url\":\"https:\\\/\\\/www.fonag.org.ec\\\/web\\\/wp-content\\\/uploads\\\/2024\\\/09\\\/e6838d80-d821-49cf-b1eb-4c05f3fbc247-_Grande_.png\",\"contentUrl\":\"https:\\\/\\\/www.fonag.org.ec\\\/web\\\/wp-content\\\/uploads\\\/2024\\\/09\\\/e6838d80-d821-49cf-b1eb-4c05f3fbc247-_Grande_.png\",\"width\":1440,\"height\":1080},{\"@type\":\"BreadcrumbList\",\"@id\":\"https:\\\/\\\/www.fonag.org.ec\\\/web\\\/guardaparamos-del-fonag-apoyan-acciones-contra-incendios-forestales\\\/#breadcrumb\",\"itemListElement\":[{\"@type\":\"ListItem\",\"position\":1,\"name\":\"Portada\",\"item\":\"https:\\\/\\\/www.fonag.org.ec\\\/web\\\/\"},{\"@type\":\"ListItem\",\"position\":2,\"name\":\"Guardap\u00e1ramos del FONAG apoyan acciones contra incendios forestales\"}]},{\"@type\":\"WebSite\",\"@id\":\"https:\\\/\\\/www.fonag.org.ec\\\/web\\\/#website\",\"url\":\"https:\\\/\\\/www.fonag.org.ec\\\/web\\\/\",\"name\":\"Fonag\",\"description\":\"Fondo para la protecci\u00f3n del agua\",\"potentialAction\":[{\"@type\":\"SearchAction\",\"target\":{\"@type\":\"EntryPoint\",\"urlTemplate\":\"https:\\\/\\\/www.fonag.org.ec\\\/web\\\/?s={search_term_string}\"},\"query-input\":{\"@type\":\"PropertyValueSpecification\",\"valueRequired\":true,\"valueName\":\"search_term_string\"}}],\"inLanguage\":\"es\"},{\"@type\":\"Person\",\"@id\":\"https:\\\/\\\/www.fonag.org.ec\\\/web\\\/#\\\/schema\\\/person\\\/f706b95aca44f9594052930113bd5e7b\",\"name\":\"Fonag Administrador\",\"image\":{\"@type\":\"ImageObject\",\"inLanguage\":\"es\",\"@id\":\"https:\\\/\\\/secure.gravatar.com\\\/avatar\\\/156331d783066ed53c179b12766204e7e1a93c4abcc269fc81099224b52af368?s=96&d=mm&r=g\",\"url\":\"https:\\\/\\\/secure.gravatar.com\\\/avatar\\\/156331d783066ed53c179b12766204e7e1a93c4abcc269fc81099224b52af368?s=96&d=mm&r=g\",\"contentUrl\":\"https:\\\/\\\/secure.gravatar.com\\\/avatar\\\/156331d783066ed53c179b12766204e7e1a93c4abcc269fc81099224b52af368?s=96&d=mm&r=g\",\"caption\":\"Fonag Administrador\"},\"sameAs\":[\"https:\\\/\\\/www.fonag.org.ec\\\/web\"],\"url\":\"https:\\\/\\\/www.fonag.org.ec\\\/web\\\/author\\\/fngdmnstgng\\\/\"}]}<\/script>\n<!-- \/ Yoast SEO plugin. -->","yoast_head_json":{"title":"Guardap\u00e1ramos del FONAG apoyan acciones contra incendios forestales - FONAG","robots":{"index":"index","follow":"follow","max-snippet":"max-snippet:-1","max-image-preview":"max-image-preview:large","max-video-preview":"max-video-preview:-1"},"canonical":"https:\/\/www.fonag.org.ec\/web\/guardaparamos-del-fonag-apoyan-acciones-contra-incendios-forestales\/","og_locale":"es_ES","og_type":"article","og_title":"Guardap\u00e1ramos del FONAG apoyan acciones contra incendios forestales - FONAG","og_description":"30 guardap\u00e1ramos desplegados y activos se suman a todas las tareas emergentes para control de incendios forestales. En apoyo a la emergencia en Guanguiltagua, 15 guardap\u00e1ramos del Fondo para la Protecci\u00f3n del Agua, FONAG, se sumaron a las actividades de mitigaci\u00f3n del fuego y enfriamiento del suelo en el parque Metropolitano. Todo nuestro contingente se [&hellip;]","og_url":"https:\/\/www.fonag.org.ec\/web\/guardaparamos-del-fonag-apoyan-acciones-contra-incendios-forestales\/","og_site_name":"FONAG","article_published_time":"2024-09-25T18:26:14+00:00","article_modified_time":"2025-01-28T19:32:47+00:00","og_image":[{"width":1440,"height":1080,"url":"https:\/\/www.fonag.org.ec\/web\/wp-content\/uploads\/2024\/09\/e6838d80-d821-49cf-b1eb-4c05f3fbc247-_Grande_.png","type":"image\/png"}],"author":"Fonag Administrador","twitter_card":"summary_large_image","twitter_misc":{"Escrito por":"Fonag Administrador","Tiempo de lectura":"2 minutos"},"schema":{"@context":"https:\/\/schema.org","@graph":[{"@type":"Article","@id":"https:\/\/www.fonag.org.ec\/web\/guardaparamos-del-fonag-apoyan-acciones-contra-incendios-forestales\/#article","isPartOf":{"@id":"https:\/\/www.fonag.org.ec\/web\/guardaparamos-del-fonag-apoyan-acciones-contra-incendios-forestales\/"},"author":{"name":"Fonag Administrador","@id":"https:\/\/www.fonag.org.ec\/web\/#\/schema\/person\/f706b95aca44f9594052930113bd5e7b"},"headline":"Guardap\u00e1ramos del FONAG apoyan acciones contra incendios forestales","datePublished":"2024-09-25T18:26:14+00:00","dateModified":"2025-01-28T19:32:47+00:00","mainEntityOfPage":{"@id":"https:\/\/www.fonag.org.ec\/web\/guardaparamos-del-fonag-apoyan-acciones-contra-incendios-forestales\/"},"wordCount":282,"commentCount":0,"image":{"@id":"https:\/\/www.fonag.org.ec\/web\/guardaparamos-del-fonag-apoyan-acciones-contra-incendios-forestales\/#primaryimage"},"thumbnailUrl":"https:\/\/www.fonag.org.ec\/web\/wp-content\/uploads\/2024\/09\/e6838d80-d821-49cf-b1eb-4c05f3fbc247-_Grande_.png","keywords":["FONAG","guardap\u00e1ramos","incendios forestales","quito"],"articleSection":["Noticias"],"inLanguage":"es","potentialAction":[{"@type":"CommentAction","name":"Comment","target":["https:\/\/www.fonag.org.ec\/web\/guardaparamos-del-fonag-apoyan-acciones-contra-incendios-forestales\/#respond"]}]},{"@type":"WebPage","@id":"https:\/\/www.fonag.org.ec\/web\/guardaparamos-del-fonag-apoyan-acciones-contra-incendios-forestales\/","url":"https:\/\/www.fonag.org.ec\/web\/guardaparamos-del-fonag-apoyan-acciones-contra-incendios-forestales\/","name":"Guardap\u00e1ramos del FONAG apoyan acciones contra incendios forestales - FONAG","isPartOf":{"@id":"https:\/\/www.fonag.org.ec\/web\/#website"},"primaryImageOfPage":{"@id":"https:\/\/www.fonag.org.ec\/web\/guardaparamos-del-fonag-apoyan-acciones-contra-incendios-forestales\/#primaryimage"},"image":{"@id":"https:\/\/www.fonag.org.ec\/web\/guardaparamos-del-fonag-apoyan-acciones-contra-incendios-forestales\/#primaryimage"},"thumbnailUrl":"https:\/\/www.fonag.org.ec\/web\/wp-content\/uploads\/2024\/09\/e6838d80-d821-49cf-b1eb-4c05f3fbc247-_Grande_.png","datePublished":"2024-09-25T18:26:14+00:00","dateModified":"2025-01-28T19:32:47+00:00","author":{"@id":"https:\/\/www.fonag.org.ec\/web\/#\/schema\/person\/f706b95aca44f9594052930113bd5e7b"},"breadcrumb":{"@id":"https:\/\/www.fonag.org.ec\/web\/guardaparamos-del-fonag-apoyan-acciones-contra-incendios-forestales\/#breadcrumb"},"inLanguage":"es","potentialAction":[{"@type":"ReadAction","target":["https:\/\/www.fonag.org.ec\/web\/guardaparamos-del-fonag-apoyan-acciones-contra-incendios-forestales\/"]}]},{"@type":"ImageObject","inLanguage":"es","@id":"https:\/\/www.fonag.org.ec\/web\/guardaparamos-del-fonag-apoyan-acciones-contra-incendios-forestales\/#primaryimage","url":"https:\/\/www.fonag.org.ec\/web\/wp-content\/uploads\/2024\/09\/e6838d80-d821-49cf-b1eb-4c05f3fbc247-_Grande_.png","contentUrl":"https:\/\/www.fonag.org.ec\/web\/wp-content\/uploads\/2024\/09\/e6838d80-d821-49cf-b1eb-4c05f3fbc247-_Grande_.png","width":1440,"height":1080},{"@type":"BreadcrumbList","@id":"https:\/\/www.fonag.org.ec\/web\/guardaparamos-del-fonag-apoyan-acciones-contra-incendios-forestales\/#breadcrumb","itemListElement":[{"@type":"ListItem","position":1,"name":"Portada","item":"https:\/\/www.fonag.org.ec\/web\/"},{"@type":"ListItem","position":2,"name":"Guardap\u00e1ramos del FONAG apoyan acciones contra incendios forestales"}]},{"@type":"WebSite","@id":"https:\/\/www.fonag.org.ec\/web\/#website","url":"https:\/\/www.fonag.org.ec\/web\/","name":"Fonag","description":"Fondo para la protecci\u00f3n del agua","potentialAction":[{"@type":"SearchAction","target":{"@type":"EntryPoint","urlTemplate":"https:\/\/www.fonag.org.ec\/web\/?s={search_term_string}"},"query-input":{"@type":"PropertyValueSpecification","valueRequired":true,"valueName":"search_term_string"}}],"inLanguage":"es"},{"@type":"Person","@id":"https:\/\/www.fonag.org.ec\/web\/#\/schema\/person\/f706b95aca44f9594052930113bd5e7b","name":"Fonag Administrador","image":{"@type":"ImageObject","inLanguage":"es","@id":"https:\/\/secure.gravatar.com\/avatar\/156331d783066ed53c179b12766204e7e1a93c4abcc269fc81099224b52af368?s=96&d=mm&r=g","url":"https:\/\/secure.gravatar.com\/avatar\/156331d783066ed53c179b12766204e7e1a93c4abcc269fc81099224b52af368?s=96&d=mm&r=g","contentUrl":"https:\/\/secure.gravatar.com\/avatar\/156331d783066ed53c179b12766204e7e1a93c4abcc269fc81099224b52af368?s=96&d=mm&r=g","caption":"Fonag Administrador"},"sameAs":["https:\/\/www.fonag.org.ec\/web"],"url":"https:\/\/www.fonag.org.ec\/web\/author\/fngdmnstgng\/"}]}},"_links":{"self":[{"href":"https:\/\/www.fonag.org.ec\/web\/wp-json\/wp\/v2\/posts\/1723","targetHints":{"allow":["GET"]}}],"collection":[{"href":"https:\/\/www.fonag.org.ec\/web\/wp-json\/wp\/v2\/posts"}],"about":[{"href":"https:\/\/www.fonag.org.ec\/web\/wp-json\/wp\/v2\/types\/post"}],"author":[{"embeddable":true,"href":"https:\/\/www.fonag.org.ec\/web\/wp-json\/wp\/v2\/users\/1"}],"replies":[{"embeddable":true,"href":"https:\/\/www.fonag.org.ec\/web\/wp-json\/wp\/v2\/comments?post=1723"}],"version-history":[{"count":4,"href":"https:\/\/www.fonag.org.ec\/web\/wp-json\/wp\/v2\/posts\/1723\/revisions"}],"predecessor-version":[{"id":1848,"href":"https:\/\/www.fonag.org.ec\/web\/wp-json\/wp\/v2\/posts\/1723\/revisions\/1848"}],"wp:featuredmedia":[{"embeddable":true,"href":"https:\/\/www.fonag.org.ec\/web\/wp-json\/wp\/v2\/media\/1721"}],"wp:attachment":[{"href":"https:\/\/www.fonag.org.ec\/web\/wp-json\/wp\/v2\/media?parent=1723"}],"wp:term":[{"taxonomy":"category","embeddable":true,"href":"https:\/\/www.fonag.org.ec\/web\/wp-json\/wp\/v2\/categories?post=1723"},{"taxonomy":"post_tag","embeddable":true,"href":"https:\/\/www.fonag.org.ec\/web\/wp-json\/wp\/v2\/tags?post=1723"}],"curies":[{"name":"wp","href":"https:\/\/api.w.org\/{rel}","templated":true}]}}