{"id":1747,"date":"2024-11-07T17:13:04","date_gmt":"2024-11-07T17:13:04","guid":{"rendered":"https:\/\/www.fonag.org.ec\/web\/?p=1747"},"modified":"2025-01-28T17:22:57","modified_gmt":"2025-01-28T17:22:57","slug":"1747-2","status":"publish","type":"post","link":"https:\/\/www.fonag.org.ec\/web\/1747-2\/","title":{"rendered":"Los comunicadores del FONAG presenciamos el trabajo de guardap\u00e1ramos durante un incendio en las faldas del volc\u00e1n Sincholagua, zona cercana al \u00c1rea de Conservaci\u00f3n H\u00eddrica Alto-Pita."},"content":{"rendered":"\n<figure class=\"wp-block-image\"><img fetchpriority=\"high\" fetchpriority=\"high\" decoding=\"async\" width=\"1280\" height=\"576\" src=\"https:\/\/www.fonag.org.ec\/web\/wp-content\/uploads\/2024\/11\/WhatsApp-Image-2024-11-07-at-10.51.27-AM.jpeg\" alt=\"\" class=\"wp-image-1750\" title=\"WhatsApp Image 2024-11-07 at 10.51.27 AM\" srcset=\"https:\/\/www.fonag.org.ec\/web\/wp-content\/uploads\/2024\/11\/WhatsApp-Image-2024-11-07-at-10.51.27-AM.jpeg 1280w, https:\/\/www.fonag.org.ec\/web\/wp-content\/uploads\/2024\/11\/WhatsApp-Image-2024-11-07-at-10.51.27-AM-980x441.jpeg 980w, https:\/\/www.fonag.org.ec\/web\/wp-content\/uploads\/2024\/11\/WhatsApp-Image-2024-11-07-at-10.51.27-AM-480x216.jpeg 480w\" sizes=\"(min-width: 0px) and (max-width: 480px) 480px, (min-width: 481px) and (max-width: 980px) 980px, (min-width: 981px) 1280px, 100vw\" \/><\/figure>\n\n\n\n<p class=\"\">La ma\u00f1ana del 10 de julio de 2024, nos desplaz\u00e1bamos al \u00c1rea de Conservaci\u00f3n H\u00eddrica del Alto Pita -p\u00e1ramo del volc\u00e1n Cotopaxi-. Recibimos una llamada.&nbsp; Hab\u00eda un incendio.&nbsp; Quien guiaba la visita se comunic\u00f3 con los guardap\u00e1ramos m\u00e1s cercanos, quienes empezaron a organizarse sabiendo que llegar al sitio tomar\u00eda tiempo, pues todos se distribuyen en \u00e1reas de vigilancia espec\u00edficas -muy distantas en algunos casos.&nbsp;<\/p>\n\n\n\n<p class=\"\"><strong>Detectar un incendio de manera temprana es una de sus cualidades<\/strong>. Desde ese momento analizan las condiciones para lograr su sofocamiento. Mientras sal\u00edamos del Alto \u2013 Pita, los guardap\u00e1ramos se desplazaban en sus motocicletas al punto de encuentro: el ingreso al volc\u00e1n (inactivo) Sincholagua.&nbsp;&nbsp;<\/p>\n\n\n\n<p class=\"\">Vestidos de amarillo,&nbsp;<strong>aquella suerte de armadura que les protege del fuego<\/strong>, 15 guardap\u00e1ramos portaban batefuegos, una herramienta con cabo de dos metros de largo, que termina en una hoja de caucho. Preparaban equipos compresores de aire, bebidas hidratantes y galletas dulces que les ayudar\u00edan a resistir el trabajo por encima de los 3800 msnm y las altas temperaturas de la l\u00ednea de fuego a la que se enfrentar\u00edan.<\/p>\n\n\n\n<p class=\"\">Los tres&nbsp;periodistas los acompa\u00f1\u00e1bamos y apoy\u00e1bamos con la carga. Quien coordinaba el operativo, conduc\u00eda&nbsp;un veh\u00edculo con destino a&nbsp;las faldas del Sincholagua, guiado por algunos&nbsp;guardap\u00e1ramos&nbsp;que conduc\u00edan motocicletas. Eran las 14:00.&nbsp;&nbsp;Cruzamos&nbsp;un r\u00edo, intent\u00e1bamos internarnos&nbsp;en la&nbsp;monta\u00f1a sin carretera de orden alguno.&nbsp;El suelo era agreste,&nbsp;poblado de pinos.&nbsp;&nbsp;<\/p>\n\n\n\n<figure class=\"wp-block-image\"><img decoding=\"async\" width=\"1440\" height=\"1080\" src=\"https:\/\/www.fonag.org.ec\/web\/wp-content\/uploads\/2024\/09\/72a7a1cb-4348-4009-9249-4c36b893e358-_Grande_.png\" alt=\"\" class=\"wp-image-1716\" title=\"72a7a1cb-4348-4009-9249-4c36b893e358-_Grande_\" srcset=\"https:\/\/www.fonag.org.ec\/web\/wp-content\/uploads\/2024\/09\/72a7a1cb-4348-4009-9249-4c36b893e358-_Grande_.png 1440w, https:\/\/www.fonag.org.ec\/web\/wp-content\/uploads\/2024\/09\/72a7a1cb-4348-4009-9249-4c36b893e358-_Grande_-1280x960.png 1280w, https:\/\/www.fonag.org.ec\/web\/wp-content\/uploads\/2024\/09\/72a7a1cb-4348-4009-9249-4c36b893e358-_Grande_-980x735.png 980w, https:\/\/www.fonag.org.ec\/web\/wp-content\/uploads\/2024\/09\/72a7a1cb-4348-4009-9249-4c36b893e358-_Grande_-480x360.png 480w\" sizes=\"(min-width: 0px) and (max-width: 480px) 480px, (min-width: 481px) and (max-width: 980px) 980px, (min-width: 981px) and (max-width: 1280px) 1280px, (min-width: 1281px) 1440px, 100vw\" \/><\/figure>\n\n\n\n<p class=\"\">Encontramos el camino.&nbsp;&nbsp; Nadie perd\u00eda el \u00e1nimo a\u00fan cuando hab\u00eda pasado una hora en su b\u00fasqueda. Luego de un turbulento viaje vimos la extensa l\u00ednea de fuego. Detr\u00e1s de ella, colinas grises humeantes serpenteaban un cielo rojizo.&nbsp; Respirar se torn\u00f3 dif\u00edcil.&nbsp;&nbsp;&nbsp;<\/p>\n\n\n\n<p class=\"\">Bajamos de los veh\u00edculos cubiertos de ceniza. El incendio se hab\u00eda propagado r\u00e1pidamente.&nbsp; Los guardap\u00e1ramos tomaron sus herramientas y en minutos estaban dando golpes a las llamas, mientras nosotros, los periodistas apuramos el paso para alcanzarlos, sin \u00e9xito.&nbsp;&nbsp;&nbsp;<\/p>\n\n\n\n<p class=\"\"><strong>Camin\u00e1bamos sobre las cenizas de lo que fuere un pajonal verde-crema, saludable, vivo.&nbsp;<\/strong>&nbsp;El contacto de las botas de p\u00e1ramo con el suelo hac\u00eda que, de un toque, desaparezca la cobertura vegetal gris\u00e1cea.&nbsp; Ahora era solo ceniza.&nbsp;&nbsp;&nbsp;<\/p>\n\n\n\n<p class=\"\">En una hora est\u00e1bamos agotados, cubiertos de cenizas. Tom\u00e1bamos fotos, grab\u00e1bamos videos, sin dejar de asombrarnos por el contraste del p\u00e1ramo herido rodeado de la majestuosidad de los Andes.&nbsp; En un abrir y cerrar de ojos empez\u00f3 a anochecer, en nuestras labores perdimos de vista a nuestros compa\u00f1eros, quienes persegu\u00edan al fuego para detenerlo.&nbsp;&nbsp;<\/p>\n\n\n\n<p class=\"\">Los periodistas empezamos a tiritar, incluso con nuestras tres capas de ropa para enfrentar el fr\u00edo. Durante horas, los \u201cguardas\u201d apagaban las llamas, en segundos humeaba y se volv\u00eda a encender.&nbsp; Sus ojos rojo sangre, sus rostros embadurnados de ceniza, sus guantes negros. Ten\u00edan sed y hambre. Se detuvieron a contarnos la traves\u00eda.&nbsp; Estaban exhaustos. Su \u00e1nimo, intacto.&nbsp;&nbsp;<\/p>\n\n\n\n<figure class=\"wp-block-image\"><img decoding=\"async\" width=\"1600\" height=\"1200\" src=\"https:\/\/www.fonag.org.ec\/web\/wp-content\/uploads\/2024\/11\/WhatsApp-Image-2024-11-07-at-10.51.29-AM.jpeg\" alt=\"\" class=\"wp-image-1754\" title=\"WhatsApp Image 2024-11-07 at 10.51.29 AM\" srcset=\"https:\/\/www.fonag.org.ec\/web\/wp-content\/uploads\/2024\/11\/WhatsApp-Image-2024-11-07-at-10.51.29-AM.jpeg 1600w, https:\/\/www.fonag.org.ec\/web\/wp-content\/uploads\/2024\/11\/WhatsApp-Image-2024-11-07-at-10.51.29-AM-1280x960.jpeg 1280w, https:\/\/www.fonag.org.ec\/web\/wp-content\/uploads\/2024\/11\/WhatsApp-Image-2024-11-07-at-10.51.29-AM-980x735.jpeg 980w, https:\/\/www.fonag.org.ec\/web\/wp-content\/uploads\/2024\/11\/WhatsApp-Image-2024-11-07-at-10.51.29-AM-480x360.jpeg 480w\" sizes=\"(min-width: 0px) and (max-width: 480px) 480px, (min-width: 481px) and (max-width: 980px) 980px, (min-width: 981px) and (max-width: 1280px) 1280px, (min-width: 1281px) 1600px, 100vw\" \/><\/figure>\n\n\n\n<p class=\"\">Se acercaba la noche.&nbsp; Decidimos ir a buscar a nuestro gu\u00eda. Bajando la colina escuch\u00e9 su voz. \u201cEl plan es que salgan ustedes de aqu\u00ed, nosotros nos quedamos. Los llevar\u00e9 a un lugar seguro donde les recoger\u00e1 \u201cDon Vini\u201d, me dijo preocupado pero seguro de hacer lo correcto.&nbsp;<\/p>\n\n\n\n<p class=\"\">Nos subimos a la camioneta y empezamos a alejarnos del sitio.&nbsp;&nbsp;<strong>A lo lejos vimos la l\u00ednea de fuego, parec\u00eda encenderse con fuerza.<\/strong>&nbsp; Recordamos nuestra llegada, tem\u00edamos por perdernos otra vez.&nbsp; Pero enseguida salimos.&nbsp; Llegamos a una casa donde nos abrieron las puertas sin pensarlo. Eran habitantes de la zona.&nbsp; Nos brindaron una infusi\u00f3n caliente, pan y wifi.&nbsp; \u00a1La gloria!&nbsp;<\/p>\n\n\n\n<p class=\"\">En una hora lleg\u00f3 un equipo desde Quito, llevaba la cena para nuestros compa\u00f1eros y nos llevaron a casa, eran las 22:00.&nbsp;&nbsp;<\/p>\n\n\n\n<p class=\"\">Al d\u00eda siguiente, ya en nuestras oficinas, nos encontramos con nuestro gu\u00eda.&nbsp; Las llamas hab\u00edan cesado, nos dijo muy contento.&nbsp; Pero, 258 hect\u00e1reas se quemaron ese d\u00eda.&nbsp;<\/p>\n\n\n\n<p class=\"\"><strong>El incendio fue provocado<\/strong>. Recuperar las hect\u00e1reas quemadas tomar\u00eda a\u00f1os.&nbsp;&nbsp; Era alentador saber que nuestros compa\u00f1eros cumplieron su labor sin lesiones.&nbsp; Una vez m\u00e1s, el FONAG reafirmaba su misi\u00f3n a\u00fan fuera de sus \u00e1reas de intervenci\u00f3n, pero a favor de la conservaci\u00f3n de los ecosistemas fuentes de agua.<\/p>\n\n\n\n<p class=\"\"><\/p>\n\n\n\n<div class=\"wp-block-columns is-layout-flex wp-container-core-columns-is-layout-9d6595d7 wp-block-columns-is-layout-flex\">\n<div class=\"wp-block-column is-layout-flow wp-block-column-is-layout-flow\">\n<figure class=\"wp-block-image size-large\"><img loading=\"lazy\" loading=\"lazy\" decoding=\"async\" width=\"768\" height=\"1024\" src=\"https:\/\/www.fonag.org.ec\/web\/wp-content\/uploads\/2024\/11\/WhatsApp-Image-2024-11-07-at-10.51.28-AM-1-768x1024.jpeg\" alt=\"\" class=\"wp-image-1752\"\/><\/figure>\n<\/div>\n\n\n\n<div class=\"wp-block-column is-layout-flow wp-block-column-is-layout-flow\">\n<figure class=\"wp-block-image size-large\"><img loading=\"lazy\" loading=\"lazy\" decoding=\"async\" width=\"768\" height=\"1024\" src=\"https:\/\/www.fonag.org.ec\/web\/wp-content\/uploads\/2024\/11\/WhatsApp-Image-2024-11-07-at-10.51.27-AM-1-768x1024.jpeg\" alt=\"\" class=\"wp-image-1753\"\/><\/figure>\n<\/div>\n<\/div>\n","protected":false},"excerpt":{"rendered":"<p>La ma\u00f1ana del 10 de julio de 2024, nos desplaz\u00e1bamos al \u00c1rea de Conservaci\u00f3n H\u00eddrica del Alto Pita -p\u00e1ramo del volc\u00e1n Cotopaxi-. Recibimos una llamada.&nbsp; Hab\u00eda un incendio.&nbsp; Quien guiaba la visita se comunic\u00f3 con los guardap\u00e1ramos m\u00e1s cercanos, quienes empezaron a organizarse sabiendo que llegar al sitio tomar\u00eda tiempo, pues todos se distribuyen en [&hellip;]<\/p>\n","protected":false},"author":1,"featured_media":1754,"comment_status":"open","ping_status":"open","sticky":false,"template":"","format":"standard","meta":{"nf_dc_page":"","_et_pb_use_builder":"off","_et_pb_old_content":"","_et_gb_content_width":"","footnotes":"","_links_to":"","_links_to_target":""},"categories":[22],"tags":[],"class_list":["post-1747","post","type-post","status-publish","format-standard","has-post-thumbnail","hentry","category-noticias"],"yoast_head":"<!-- This site is optimized with the Yoast SEO plugin v27.4 - https:\/\/yoast.com\/product\/yoast-seo-wordpress\/ -->\n<title>Los comunicadores del FONAG presenciamos el trabajo de guardap\u00e1ramos durante un incendio en las faldas del volc\u00e1n Sincholagua, zona cercana al \u00c1rea de Conservaci\u00f3n H\u00eddrica Alto-Pita. - FONAG<\/title>\n<meta name=\"robots\" content=\"index, follow, max-snippet:-1, max-image-preview:large, max-video-preview:-1\" \/>\n<link rel=\"canonical\" href=\"https:\/\/www.fonag.org.ec\/web\/1747-2\/\" \/>\n<meta property=\"og:locale\" content=\"es_ES\" \/>\n<meta property=\"og:type\" content=\"article\" \/>\n<meta property=\"og:title\" content=\"Los comunicadores del FONAG presenciamos el trabajo de guardap\u00e1ramos durante un incendio en las faldas del volc\u00e1n Sincholagua, zona cercana al \u00c1rea de Conservaci\u00f3n H\u00eddrica Alto-Pita. - FONAG\" \/>\n<meta property=\"og:description\" content=\"La ma\u00f1ana del 10 de julio de 2024, nos desplaz\u00e1bamos al \u00c1rea de Conservaci\u00f3n H\u00eddrica del Alto Pita -p\u00e1ramo del volc\u00e1n Cotopaxi-. Recibimos una llamada.&nbsp; Hab\u00eda un incendio.&nbsp; Quien guiaba la visita se comunic\u00f3 con los guardap\u00e1ramos m\u00e1s cercanos, quienes empezaron a organizarse sabiendo que llegar al sitio tomar\u00eda tiempo, pues todos se distribuyen en [&hellip;]\" \/>\n<meta property=\"og:url\" content=\"https:\/\/www.fonag.org.ec\/web\/1747-2\/\" \/>\n<meta property=\"og:site_name\" content=\"FONAG\" \/>\n<meta property=\"article:published_time\" content=\"2024-11-07T17:13:04+00:00\" \/>\n<meta property=\"article:modified_time\" content=\"2025-01-28T17:22:57+00:00\" \/>\n<meta property=\"og:image\" content=\"https:\/\/www.fonag.org.ec\/web\/wp-content\/uploads\/2024\/11\/WhatsApp-Image-2024-11-07-at-10.51.29-AM.jpeg\" \/>\n\t<meta property=\"og:image:width\" content=\"1600\" \/>\n\t<meta property=\"og:image:height\" content=\"1200\" \/>\n\t<meta property=\"og:image:type\" content=\"image\/jpeg\" \/>\n<meta name=\"author\" content=\"Fonag Administrador\" \/>\n<meta name=\"twitter:card\" content=\"summary_large_image\" \/>\n<meta name=\"twitter:label1\" content=\"Escrito por\" \/>\n\t<meta name=\"twitter:data1\" content=\"Fonag Administrador\" \/>\n\t<meta name=\"twitter:label2\" content=\"Tiempo de lectura\" \/>\n\t<meta name=\"twitter:data2\" content=\"5 minutos\" \/>\n<script type=\"application\/ld+json\" class=\"yoast-schema-graph\">{\"@context\":\"https:\\\/\\\/schema.org\",\"@graph\":[{\"@type\":\"Article\",\"@id\":\"https:\\\/\\\/www.fonag.org.ec\\\/web\\\/1747-2\\\/#article\",\"isPartOf\":{\"@id\":\"https:\\\/\\\/www.fonag.org.ec\\\/web\\\/1747-2\\\/\"},\"author\":{\"name\":\"Fonag Administrador\",\"@id\":\"https:\\\/\\\/www.fonag.org.ec\\\/web\\\/#\\\/schema\\\/person\\\/f706b95aca44f9594052930113bd5e7b\"},\"headline\":\"Los comunicadores del FONAG presenciamos el trabajo de guardap\u00e1ramos durante un incendio en las faldas del volc\u00e1n Sincholagua, zona cercana al \u00c1rea de Conservaci\u00f3n H\u00eddrica Alto-Pita.\",\"datePublished\":\"2024-11-07T17:13:04+00:00\",\"dateModified\":\"2025-01-28T17:22:57+00:00\",\"mainEntityOfPage\":{\"@id\":\"https:\\\/\\\/www.fonag.org.ec\\\/web\\\/1747-2\\\/\"},\"wordCount\":819,\"commentCount\":0,\"image\":{\"@id\":\"https:\\\/\\\/www.fonag.org.ec\\\/web\\\/1747-2\\\/#primaryimage\"},\"thumbnailUrl\":\"https:\\\/\\\/www.fonag.org.ec\\\/web\\\/wp-content\\\/uploads\\\/2024\\\/11\\\/WhatsApp-Image-2024-11-07-at-10.51.29-AM.jpeg\",\"articleSection\":[\"Noticias\"],\"inLanguage\":\"es\",\"potentialAction\":[{\"@type\":\"CommentAction\",\"name\":\"Comment\",\"target\":[\"https:\\\/\\\/www.fonag.org.ec\\\/web\\\/1747-2\\\/#respond\"]}]},{\"@type\":\"WebPage\",\"@id\":\"https:\\\/\\\/www.fonag.org.ec\\\/web\\\/1747-2\\\/\",\"url\":\"https:\\\/\\\/www.fonag.org.ec\\\/web\\\/1747-2\\\/\",\"name\":\"Los comunicadores del FONAG presenciamos el trabajo de guardap\u00e1ramos durante un incendio en las faldas del volc\u00e1n Sincholagua, zona cercana al \u00c1rea de Conservaci\u00f3n H\u00eddrica Alto-Pita. - FONAG\",\"isPartOf\":{\"@id\":\"https:\\\/\\\/www.fonag.org.ec\\\/web\\\/#website\"},\"primaryImageOfPage\":{\"@id\":\"https:\\\/\\\/www.fonag.org.ec\\\/web\\\/1747-2\\\/#primaryimage\"},\"image\":{\"@id\":\"https:\\\/\\\/www.fonag.org.ec\\\/web\\\/1747-2\\\/#primaryimage\"},\"thumbnailUrl\":\"https:\\\/\\\/www.fonag.org.ec\\\/web\\\/wp-content\\\/uploads\\\/2024\\\/11\\\/WhatsApp-Image-2024-11-07-at-10.51.29-AM.jpeg\",\"datePublished\":\"2024-11-07T17:13:04+00:00\",\"dateModified\":\"2025-01-28T17:22:57+00:00\",\"author\":{\"@id\":\"https:\\\/\\\/www.fonag.org.ec\\\/web\\\/#\\\/schema\\\/person\\\/f706b95aca44f9594052930113bd5e7b\"},\"breadcrumb\":{\"@id\":\"https:\\\/\\\/www.fonag.org.ec\\\/web\\\/1747-2\\\/#breadcrumb\"},\"inLanguage\":\"es\",\"potentialAction\":[{\"@type\":\"ReadAction\",\"target\":[\"https:\\\/\\\/www.fonag.org.ec\\\/web\\\/1747-2\\\/\"]}]},{\"@type\":\"ImageObject\",\"inLanguage\":\"es\",\"@id\":\"https:\\\/\\\/www.fonag.org.ec\\\/web\\\/1747-2\\\/#primaryimage\",\"url\":\"https:\\\/\\\/www.fonag.org.ec\\\/web\\\/wp-content\\\/uploads\\\/2024\\\/11\\\/WhatsApp-Image-2024-11-07-at-10.51.29-AM.jpeg\",\"contentUrl\":\"https:\\\/\\\/www.fonag.org.ec\\\/web\\\/wp-content\\\/uploads\\\/2024\\\/11\\\/WhatsApp-Image-2024-11-07-at-10.51.29-AM.jpeg\",\"width\":1600,\"height\":1200},{\"@type\":\"BreadcrumbList\",\"@id\":\"https:\\\/\\\/www.fonag.org.ec\\\/web\\\/1747-2\\\/#breadcrumb\",\"itemListElement\":[{\"@type\":\"ListItem\",\"position\":1,\"name\":\"Portada\",\"item\":\"https:\\\/\\\/www.fonag.org.ec\\\/web\\\/\"},{\"@type\":\"ListItem\",\"position\":2,\"name\":\"Los comunicadores del FONAG presenciamos el trabajo de guardap\u00e1ramos durante un incendio en las faldas del volc\u00e1n Sincholagua, zona cercana al \u00c1rea de Conservaci\u00f3n H\u00eddrica Alto-Pita.\"}]},{\"@type\":\"WebSite\",\"@id\":\"https:\\\/\\\/www.fonag.org.ec\\\/web\\\/#website\",\"url\":\"https:\\\/\\\/www.fonag.org.ec\\\/web\\\/\",\"name\":\"Fonag\",\"description\":\"Fondo para la protecci\u00f3n del agua\",\"potentialAction\":[{\"@type\":\"SearchAction\",\"target\":{\"@type\":\"EntryPoint\",\"urlTemplate\":\"https:\\\/\\\/www.fonag.org.ec\\\/web\\\/?s={search_term_string}\"},\"query-input\":{\"@type\":\"PropertyValueSpecification\",\"valueRequired\":true,\"valueName\":\"search_term_string\"}}],\"inLanguage\":\"es\"},{\"@type\":\"Person\",\"@id\":\"https:\\\/\\\/www.fonag.org.ec\\\/web\\\/#\\\/schema\\\/person\\\/f706b95aca44f9594052930113bd5e7b\",\"name\":\"Fonag Administrador\",\"image\":{\"@type\":\"ImageObject\",\"inLanguage\":\"es\",\"@id\":\"https:\\\/\\\/secure.gravatar.com\\\/avatar\\\/156331d783066ed53c179b12766204e7e1a93c4abcc269fc81099224b52af368?s=96&d=mm&r=g\",\"url\":\"https:\\\/\\\/secure.gravatar.com\\\/avatar\\\/156331d783066ed53c179b12766204e7e1a93c4abcc269fc81099224b52af368?s=96&d=mm&r=g\",\"contentUrl\":\"https:\\\/\\\/secure.gravatar.com\\\/avatar\\\/156331d783066ed53c179b12766204e7e1a93c4abcc269fc81099224b52af368?s=96&d=mm&r=g\",\"caption\":\"Fonag Administrador\"},\"sameAs\":[\"https:\\\/\\\/www.fonag.org.ec\\\/web\"],\"url\":\"https:\\\/\\\/www.fonag.org.ec\\\/web\\\/author\\\/fngdmnstgng\\\/\"}]}<\/script>\n<!-- \/ Yoast SEO plugin. -->","yoast_head_json":{"title":"Los comunicadores del FONAG presenciamos el trabajo de guardap\u00e1ramos durante un incendio en las faldas del volc\u00e1n Sincholagua, zona cercana al \u00c1rea de Conservaci\u00f3n H\u00eddrica Alto-Pita. - FONAG","robots":{"index":"index","follow":"follow","max-snippet":"max-snippet:-1","max-image-preview":"max-image-preview:large","max-video-preview":"max-video-preview:-1"},"canonical":"https:\/\/www.fonag.org.ec\/web\/1747-2\/","og_locale":"es_ES","og_type":"article","og_title":"Los comunicadores del FONAG presenciamos el trabajo de guardap\u00e1ramos durante un incendio en las faldas del volc\u00e1n Sincholagua, zona cercana al \u00c1rea de Conservaci\u00f3n H\u00eddrica Alto-Pita. - FONAG","og_description":"La ma\u00f1ana del 10 de julio de 2024, nos desplaz\u00e1bamos al \u00c1rea de Conservaci\u00f3n H\u00eddrica del Alto Pita -p\u00e1ramo del volc\u00e1n Cotopaxi-. Recibimos una llamada.&nbsp; Hab\u00eda un incendio.&nbsp; Quien guiaba la visita se comunic\u00f3 con los guardap\u00e1ramos m\u00e1s cercanos, quienes empezaron a organizarse sabiendo que llegar al sitio tomar\u00eda tiempo, pues todos se distribuyen en [&hellip;]","og_url":"https:\/\/www.fonag.org.ec\/web\/1747-2\/","og_site_name":"FONAG","article_published_time":"2024-11-07T17:13:04+00:00","article_modified_time":"2025-01-28T17:22:57+00:00","og_image":[{"width":1600,"height":1200,"url":"https:\/\/www.fonag.org.ec\/web\/wp-content\/uploads\/2024\/11\/WhatsApp-Image-2024-11-07-at-10.51.29-AM.jpeg","type":"image\/jpeg"}],"author":"Fonag Administrador","twitter_card":"summary_large_image","twitter_misc":{"Escrito por":"Fonag Administrador","Tiempo de lectura":"5 minutos"},"schema":{"@context":"https:\/\/schema.org","@graph":[{"@type":"Article","@id":"https:\/\/www.fonag.org.ec\/web\/1747-2\/#article","isPartOf":{"@id":"https:\/\/www.fonag.org.ec\/web\/1747-2\/"},"author":{"name":"Fonag Administrador","@id":"https:\/\/www.fonag.org.ec\/web\/#\/schema\/person\/f706b95aca44f9594052930113bd5e7b"},"headline":"Los comunicadores del FONAG presenciamos el trabajo de guardap\u00e1ramos durante un incendio en las faldas del volc\u00e1n Sincholagua, zona cercana al \u00c1rea de Conservaci\u00f3n H\u00eddrica Alto-Pita.","datePublished":"2024-11-07T17:13:04+00:00","dateModified":"2025-01-28T17:22:57+00:00","mainEntityOfPage":{"@id":"https:\/\/www.fonag.org.ec\/web\/1747-2\/"},"wordCount":819,"commentCount":0,"image":{"@id":"https:\/\/www.fonag.org.ec\/web\/1747-2\/#primaryimage"},"thumbnailUrl":"https:\/\/www.fonag.org.ec\/web\/wp-content\/uploads\/2024\/11\/WhatsApp-Image-2024-11-07-at-10.51.29-AM.jpeg","articleSection":["Noticias"],"inLanguage":"es","potentialAction":[{"@type":"CommentAction","name":"Comment","target":["https:\/\/www.fonag.org.ec\/web\/1747-2\/#respond"]}]},{"@type":"WebPage","@id":"https:\/\/www.fonag.org.ec\/web\/1747-2\/","url":"https:\/\/www.fonag.org.ec\/web\/1747-2\/","name":"Los comunicadores del FONAG presenciamos el trabajo de guardap\u00e1ramos durante un incendio en las faldas del volc\u00e1n Sincholagua, zona cercana al \u00c1rea de Conservaci\u00f3n H\u00eddrica Alto-Pita. - FONAG","isPartOf":{"@id":"https:\/\/www.fonag.org.ec\/web\/#website"},"primaryImageOfPage":{"@id":"https:\/\/www.fonag.org.ec\/web\/1747-2\/#primaryimage"},"image":{"@id":"https:\/\/www.fonag.org.ec\/web\/1747-2\/#primaryimage"},"thumbnailUrl":"https:\/\/www.fonag.org.ec\/web\/wp-content\/uploads\/2024\/11\/WhatsApp-Image-2024-11-07-at-10.51.29-AM.jpeg","datePublished":"2024-11-07T17:13:04+00:00","dateModified":"2025-01-28T17:22:57+00:00","author":{"@id":"https:\/\/www.fonag.org.ec\/web\/#\/schema\/person\/f706b95aca44f9594052930113bd5e7b"},"breadcrumb":{"@id":"https:\/\/www.fonag.org.ec\/web\/1747-2\/#breadcrumb"},"inLanguage":"es","potentialAction":[{"@type":"ReadAction","target":["https:\/\/www.fonag.org.ec\/web\/1747-2\/"]}]},{"@type":"ImageObject","inLanguage":"es","@id":"https:\/\/www.fonag.org.ec\/web\/1747-2\/#primaryimage","url":"https:\/\/www.fonag.org.ec\/web\/wp-content\/uploads\/2024\/11\/WhatsApp-Image-2024-11-07-at-10.51.29-AM.jpeg","contentUrl":"https:\/\/www.fonag.org.ec\/web\/wp-content\/uploads\/2024\/11\/WhatsApp-Image-2024-11-07-at-10.51.29-AM.jpeg","width":1600,"height":1200},{"@type":"BreadcrumbList","@id":"https:\/\/www.fonag.org.ec\/web\/1747-2\/#breadcrumb","itemListElement":[{"@type":"ListItem","position":1,"name":"Portada","item":"https:\/\/www.fonag.org.ec\/web\/"},{"@type":"ListItem","position":2,"name":"Los comunicadores del FONAG presenciamos el trabajo de guardap\u00e1ramos durante un incendio en las faldas del volc\u00e1n Sincholagua, zona cercana al \u00c1rea de Conservaci\u00f3n H\u00eddrica Alto-Pita."}]},{"@type":"WebSite","@id":"https:\/\/www.fonag.org.ec\/web\/#website","url":"https:\/\/www.fonag.org.ec\/web\/","name":"Fonag","description":"Fondo para la protecci\u00f3n del agua","potentialAction":[{"@type":"SearchAction","target":{"@type":"EntryPoint","urlTemplate":"https:\/\/www.fonag.org.ec\/web\/?s={search_term_string}"},"query-input":{"@type":"PropertyValueSpecification","valueRequired":true,"valueName":"search_term_string"}}],"inLanguage":"es"},{"@type":"Person","@id":"https:\/\/www.fonag.org.ec\/web\/#\/schema\/person\/f706b95aca44f9594052930113bd5e7b","name":"Fonag Administrador","image":{"@type":"ImageObject","inLanguage":"es","@id":"https:\/\/secure.gravatar.com\/avatar\/156331d783066ed53c179b12766204e7e1a93c4abcc269fc81099224b52af368?s=96&d=mm&r=g","url":"https:\/\/secure.gravatar.com\/avatar\/156331d783066ed53c179b12766204e7e1a93c4abcc269fc81099224b52af368?s=96&d=mm&r=g","contentUrl":"https:\/\/secure.gravatar.com\/avatar\/156331d783066ed53c179b12766204e7e1a93c4abcc269fc81099224b52af368?s=96&d=mm&r=g","caption":"Fonag Administrador"},"sameAs":["https:\/\/www.fonag.org.ec\/web"],"url":"https:\/\/www.fonag.org.ec\/web\/author\/fngdmnstgng\/"}]}},"_links":{"self":[{"href":"https:\/\/www.fonag.org.ec\/web\/wp-json\/wp\/v2\/posts\/1747","targetHints":{"allow":["GET"]}}],"collection":[{"href":"https:\/\/www.fonag.org.ec\/web\/wp-json\/wp\/v2\/posts"}],"about":[{"href":"https:\/\/www.fonag.org.ec\/web\/wp-json\/wp\/v2\/types\/post"}],"author":[{"embeddable":true,"href":"https:\/\/www.fonag.org.ec\/web\/wp-json\/wp\/v2\/users\/1"}],"replies":[{"embeddable":true,"href":"https:\/\/www.fonag.org.ec\/web\/wp-json\/wp\/v2\/comments?post=1747"}],"version-history":[{"count":5,"href":"https:\/\/www.fonag.org.ec\/web\/wp-json\/wp\/v2\/posts\/1747\/revisions"}],"predecessor-version":[{"id":1845,"href":"https:\/\/www.fonag.org.ec\/web\/wp-json\/wp\/v2\/posts\/1747\/revisions\/1845"}],"wp:featuredmedia":[{"embeddable":true,"href":"https:\/\/www.fonag.org.ec\/web\/wp-json\/wp\/v2\/media\/1754"}],"wp:attachment":[{"href":"https:\/\/www.fonag.org.ec\/web\/wp-json\/wp\/v2\/media?parent=1747"}],"wp:term":[{"taxonomy":"category","embeddable":true,"href":"https:\/\/www.fonag.org.ec\/web\/wp-json\/wp\/v2\/categories?post=1747"},{"taxonomy":"post_tag","embeddable":true,"href":"https:\/\/www.fonag.org.ec\/web\/wp-json\/wp\/v2\/tags?post=1747"}],"curies":[{"name":"wp","href":"https:\/\/api.w.org\/{rel}","templated":true}]}}