{"id":279,"date":"2024-06-13T01:55:59","date_gmt":"2024-06-13T01:55:59","guid":{"rendered":"https:\/\/www.fonag.org.ec\/web\/?p=279"},"modified":"2024-06-13T01:56:03","modified_gmt":"2024-06-13T01:56:03","slug":"fonag-referente-regional-de-conservacion","status":"publish","type":"post","link":"https:\/\/www.fonag.org.ec\/web\/fonag-referente-regional-de-conservacion\/","title":{"rendered":"FONAG: Referente regional de conservaci\u00f3n"},"content":{"rendered":"\n<p><em>Desde el 2000, el Fondo para la Conservaci\u00f3n del Agua (FONAG) destaca como l\u00edder en la protecci\u00f3n de los recursos h\u00eddricos. Su modelo innovador fusiona intereses p\u00fablicos y privados, asegurando la sostenibilidad de las fuentes de agua.<\/em><\/p>\n\n\n\n<p>Fundado el 5 de diciembre del a\u00f1o 2000, FONAG surge por la necesidad de preservar las fuentes de agua que abastecen al Distrito Metropolitano de Quito (DMQ). Su enfoque participativo ha permitido la ejecuci\u00f3n de iniciativas efectivas que cada vez consolidan su posici\u00f3n como promotor de pr\u00e1cticas sostenibles.<\/p>\n\n\n\n<figure class=\"wp-block-image size-large\"><img fetchpriority=\"high\" fetchpriority=\"high\" decoding=\"async\" width=\"1024\" height=\"380\" src=\"https:\/\/www.fonag.org.ec\/web\/wp-content\/uploads\/2024\/06\/Fonag-referente-regional-de-conservacion-1024x380.webp\" alt=\"\" class=\"wp-image-280\" srcset=\"https:\/\/www.fonag.org.ec\/web\/wp-content\/uploads\/2024\/06\/Fonag-referente-regional-de-conservacion-980x364.webp 980w, https:\/\/www.fonag.org.ec\/web\/wp-content\/uploads\/2024\/06\/Fonag-referente-regional-de-conservacion-480x178.webp 480w\" sizes=\"(min-width: 0px) and (max-width: 480px) 480px, (min-width: 481px) and (max-width: 980px) 980px, (min-width: 981px) 1024px, 100vw\" \/><\/figure>\n\n\n\n<p>Con los a\u00f1os, FONAG ha participado activamente con actores claves, creando una comunidad t\u00e9cnica y cient\u00edfica que responda a las interrogantes de la conservaci\u00f3n de p\u00e1ramos y tenga par\u00e1metros medibles para garantizar agua segura. Es gracias a esta participaci\u00f3n que pudimos contribuir a estudios especializados, clave en biodiversidad y gobernanza en Am\u00e9rica Latina y el Caribe para el cambio transformativo a favor de la biodiversidad. En febrero de 2023, el lanzamiento del libro de buenas pr\u00e1cticas en conservaci\u00f3n de humedales, en colaboraci\u00f3n con el Departamento de Estado de EE. UU., y la Convenci\u00f3n de Humedales RAMSAR marc\u00f3 otro hito.<\/p>\n\n\n\n<p>La presencia internacional de FONAG creci\u00f3 en 2023. Participamos del Encuentro de Fondos de Agua en Colombia y el conversatorio sobre el rol de la informaci\u00f3n y del conocimiento para enfrentar los desaf\u00edos en la gesti\u00f3n del agua que se organiz\u00f3 en el marco de la Iniciativa Regional de Monitoreo Hidrol\u00f3gico de Ecosistemas Andinos (iMHEA) en Per\u00fa, destacando retos y soluciones compartidas en la gesti\u00f3n del agua y condecorando a Bert de Bi\u00e8vre, Secretario T\u00e9cnico de FONAG, con el premio iMHEA 2023 por su trabajo por la conservaci\u00f3n de las fuentes h\u00eddricas.<\/p>\n\n\n\n<blockquote class=\"wp-block-quote is-layout-flow wp-block-quote-is-layout-flow\">\n<p><strong>FONAG es un modelo para la sostenibilidad y conservaci\u00f3n de las cuencas hidrogr\u00e1ficas de la regi\u00f3n y el mundo<\/strong>.<\/p>\n<\/blockquote>\n\n\n\n<h3 class=\"wp-block-heading\">Proyecci\u00f3n global y reconocimientos de alto nivel<\/h3>\n\n\n\n<figure class=\"wp-block-image aligncenter size-full is-resized\"><img decoding=\"async\" width=\"800\" height=\"600\" src=\"https:\/\/www.fonag.org.ec\/web\/wp-content\/uploads\/2024\/06\/Comision-Hondurena-y-BID-en-su-visita-a-FONAG.webp\" alt=\"\" class=\"wp-image-281\" style=\"width:417px;height:auto\" srcset=\"https:\/\/www.fonag.org.ec\/web\/wp-content\/uploads\/2024\/06\/Comision-Hondurena-y-BID-en-su-visita-a-FONAG.webp 800w, https:\/\/www.fonag.org.ec\/web\/wp-content\/uploads\/2024\/06\/Comision-Hondurena-y-BID-en-su-visita-a-FONAG-480x360.webp 480w\" sizes=\"(min-width: 0px) and (max-width: 480px) 480px, (min-width: 481px) 800px, 100vw\" \/><\/figure>\n\n\n\n<p class=\"has-text-align-center has-small-font-size\">Comisi\u00f3n BID &#8211; Honduras visitan oficinas de FONAG, 2023<\/p>\n\n\n\n<p>El impacto del FONAG tambi\u00e9n se extiende a la creaci\u00f3n de fondos de agua en otras regiones. Una comisi\u00f3n desde Honduras, acompa\u00f1ados del Banco Interamericano de Desarrollo (BID), interesados en la tem\u00e1tica de Seguridad H\u00eddrica, visitaron FONAG para conocer de cerca las acciones emprendidas en favor de la conservaci\u00f3n de fuentes de agua, trazando la ruta para implementar un fondo de agua en su pa\u00eds.<\/p>\n\n\n\n<p>Adem\u00e1s, FONAG ha sido un participante activo en diversos encuentros y conversatorios, desde el Tercer Congreso Nacional de \u00c1reas Protegidas hasta iniciativas sobre soluciones basadas en la naturaleza para asegurar la disponibilidad del agua.<\/p>\n\n\n\n<p>En junio de 2023, FONAG fue reconocido como incubadora de proyectos tras la visita de Bill Frist, M.D., senador estadounidense quien escribi\u00f3 un art\u00edculo en la revista Forbes resaltando la importancia de los fondos de agua y la implementaci\u00f3n de proyectos en Ecuador. Frist considera que FONAG es un modelo para replicar mundialmente:<\/p>\n\n\n\n<p><strong>\u201cLo que inici\u00f3 hace 23 a\u00f1os en Quito es ahora la base global para la sostenibilidad de las cuencas hidrogr\u00e1ficas de la regi\u00f3n y el mundo.\u201d<\/strong><\/p>\n\n\n\n<p>FONAG se ha convertido en referente en materia de conservaci\u00f3n del agua y restauraci\u00f3n estrat\u00e9gica de ecosistemas. En noviembre, particip\u00f3 en la Conferencia de Seguridad H\u00eddrica y Cambio Clim\u00e1tico #WSCC23, consolidando su experiencia en la gesti\u00f3n de fondos de agua.<\/p>\n\n\n\n<p>Durante 2023, FONAG demostr\u00f3 ser un referente de conservaci\u00f3n de ecosistemas altoandinos, haciendo eco de importantes voces para reforzar la importancia de las acciones de conservaci\u00f3n para que todos tengan agua segura, inspirando un cambio regional hacia pr\u00e1cticas sostenibles.<\/p>\n","protected":false},"excerpt":{"rendered":"<p>Desde el 2000, el Fondo para la Conservaci\u00f3n del Agua (FONAG) destaca como l\u00edder en la protecci\u00f3n de los recursos h\u00eddricos. Su modelo innovador fusiona intereses p\u00fablicos y privados, asegurando la sostenibilidad de las fuentes de agua. Fundado el 5 de diciembre del a\u00f1o 2000, FONAG surge por la necesidad de preservar las fuentes de [&hellip;]<\/p>\n","protected":false},"author":1,"featured_media":281,"comment_status":"open","ping_status":"open","sticky":false,"template":"","format":"standard","meta":{"nf_dc_page":"","_et_pb_use_builder":"off","_et_pb_old_content":"","_et_gb_content_width":"","footnotes":"","_links_to":"","_links_to_target":""},"categories":[22],"tags":[],"class_list":["post-279","post","type-post","status-publish","format-standard","has-post-thumbnail","hentry","category-noticias"],"yoast_head":"<!-- This site is optimized with the Yoast SEO plugin v27.4 - https:\/\/yoast.com\/product\/yoast-seo-wordpress\/ -->\n<title>FONAG: Referente regional de conservaci\u00f3n - FONAG<\/title>\n<meta name=\"robots\" content=\"index, follow, max-snippet:-1, max-image-preview:large, max-video-preview:-1\" \/>\n<link rel=\"canonical\" href=\"https:\/\/www.fonag.org.ec\/web\/fonag-referente-regional-de-conservacion\/\" \/>\n<meta property=\"og:locale\" content=\"es_ES\" \/>\n<meta property=\"og:type\" content=\"article\" \/>\n<meta property=\"og:title\" content=\"FONAG: Referente regional de conservaci\u00f3n - FONAG\" \/>\n<meta property=\"og:description\" content=\"Desde el 2000, el Fondo para la Conservaci\u00f3n del Agua (FONAG) destaca como l\u00edder en la protecci\u00f3n de los recursos h\u00eddricos. Su modelo innovador fusiona intereses p\u00fablicos y privados, asegurando la sostenibilidad de las fuentes de agua. Fundado el 5 de diciembre del a\u00f1o 2000, FONAG surge por la necesidad de preservar las fuentes de [&hellip;]\" \/>\n<meta property=\"og:url\" content=\"https:\/\/www.fonag.org.ec\/web\/fonag-referente-regional-de-conservacion\/\" \/>\n<meta property=\"og:site_name\" content=\"FONAG\" \/>\n<meta property=\"article:published_time\" content=\"2024-06-13T01:55:59+00:00\" \/>\n<meta property=\"article:modified_time\" content=\"2024-06-13T01:56:03+00:00\" \/>\n<meta property=\"og:image\" content=\"https:\/\/www.fonag.org.ec\/web\/wp-content\/uploads\/2024\/06\/Comision-Hondurena-y-BID-en-su-visita-a-FONAG.webp\" \/>\n\t<meta property=\"og:image:width\" content=\"800\" \/>\n\t<meta property=\"og:image:height\" content=\"600\" \/>\n\t<meta property=\"og:image:type\" content=\"image\/webp\" \/>\n<meta name=\"author\" content=\"Fonag Administrador\" \/>\n<meta name=\"twitter:card\" content=\"summary_large_image\" \/>\n<meta name=\"twitter:label1\" content=\"Escrito por\" \/>\n\t<meta name=\"twitter:data1\" content=\"Fonag Administrador\" \/>\n\t<meta name=\"twitter:label2\" content=\"Tiempo de lectura\" \/>\n\t<meta name=\"twitter:data2\" content=\"3 minutos\" \/>\n<script type=\"application\/ld+json\" class=\"yoast-schema-graph\">{\"@context\":\"https:\\\/\\\/schema.org\",\"@graph\":[{\"@type\":\"Article\",\"@id\":\"https:\\\/\\\/www.fonag.org.ec\\\/web\\\/fonag-referente-regional-de-conservacion\\\/#article\",\"isPartOf\":{\"@id\":\"https:\\\/\\\/www.fonag.org.ec\\\/web\\\/fonag-referente-regional-de-conservacion\\\/\"},\"author\":{\"name\":\"Fonag Administrador\",\"@id\":\"https:\\\/\\\/www.fonag.org.ec\\\/web\\\/#\\\/schema\\\/person\\\/f706b95aca44f9594052930113bd5e7b\"},\"headline\":\"FONAG: Referente regional de conservaci\u00f3n\",\"datePublished\":\"2024-06-13T01:55:59+00:00\",\"dateModified\":\"2024-06-13T01:56:03+00:00\",\"mainEntityOfPage\":{\"@id\":\"https:\\\/\\\/www.fonag.org.ec\\\/web\\\/fonag-referente-regional-de-conservacion\\\/\"},\"wordCount\":623,\"commentCount\":0,\"image\":{\"@id\":\"https:\\\/\\\/www.fonag.org.ec\\\/web\\\/fonag-referente-regional-de-conservacion\\\/#primaryimage\"},\"thumbnailUrl\":\"https:\\\/\\\/www.fonag.org.ec\\\/web\\\/wp-content\\\/uploads\\\/2024\\\/06\\\/Comision-Hondurena-y-BID-en-su-visita-a-FONAG.webp\",\"articleSection\":[\"Noticias\"],\"inLanguage\":\"es\",\"potentialAction\":[{\"@type\":\"CommentAction\",\"name\":\"Comment\",\"target\":[\"https:\\\/\\\/www.fonag.org.ec\\\/web\\\/fonag-referente-regional-de-conservacion\\\/#respond\"]}]},{\"@type\":\"WebPage\",\"@id\":\"https:\\\/\\\/www.fonag.org.ec\\\/web\\\/fonag-referente-regional-de-conservacion\\\/\",\"url\":\"https:\\\/\\\/www.fonag.org.ec\\\/web\\\/fonag-referente-regional-de-conservacion\\\/\",\"name\":\"FONAG: Referente regional de conservaci\u00f3n - FONAG\",\"isPartOf\":{\"@id\":\"https:\\\/\\\/www.fonag.org.ec\\\/web\\\/#website\"},\"primaryImageOfPage\":{\"@id\":\"https:\\\/\\\/www.fonag.org.ec\\\/web\\\/fonag-referente-regional-de-conservacion\\\/#primaryimage\"},\"image\":{\"@id\":\"https:\\\/\\\/www.fonag.org.ec\\\/web\\\/fonag-referente-regional-de-conservacion\\\/#primaryimage\"},\"thumbnailUrl\":\"https:\\\/\\\/www.fonag.org.ec\\\/web\\\/wp-content\\\/uploads\\\/2024\\\/06\\\/Comision-Hondurena-y-BID-en-su-visita-a-FONAG.webp\",\"datePublished\":\"2024-06-13T01:55:59+00:00\",\"dateModified\":\"2024-06-13T01:56:03+00:00\",\"author\":{\"@id\":\"https:\\\/\\\/www.fonag.org.ec\\\/web\\\/#\\\/schema\\\/person\\\/f706b95aca44f9594052930113bd5e7b\"},\"breadcrumb\":{\"@id\":\"https:\\\/\\\/www.fonag.org.ec\\\/web\\\/fonag-referente-regional-de-conservacion\\\/#breadcrumb\"},\"inLanguage\":\"es\",\"potentialAction\":[{\"@type\":\"ReadAction\",\"target\":[\"https:\\\/\\\/www.fonag.org.ec\\\/web\\\/fonag-referente-regional-de-conservacion\\\/\"]}]},{\"@type\":\"ImageObject\",\"inLanguage\":\"es\",\"@id\":\"https:\\\/\\\/www.fonag.org.ec\\\/web\\\/fonag-referente-regional-de-conservacion\\\/#primaryimage\",\"url\":\"https:\\\/\\\/www.fonag.org.ec\\\/web\\\/wp-content\\\/uploads\\\/2024\\\/06\\\/Comision-Hondurena-y-BID-en-su-visita-a-FONAG.webp\",\"contentUrl\":\"https:\\\/\\\/www.fonag.org.ec\\\/web\\\/wp-content\\\/uploads\\\/2024\\\/06\\\/Comision-Hondurena-y-BID-en-su-visita-a-FONAG.webp\",\"width\":800,\"height\":600,\"caption\":\"Comisi\u00f3n Hondurena y BID en su visita a FONAG\"},{\"@type\":\"BreadcrumbList\",\"@id\":\"https:\\\/\\\/www.fonag.org.ec\\\/web\\\/fonag-referente-regional-de-conservacion\\\/#breadcrumb\",\"itemListElement\":[{\"@type\":\"ListItem\",\"position\":1,\"name\":\"Portada\",\"item\":\"https:\\\/\\\/www.fonag.org.ec\\\/web\\\/\"},{\"@type\":\"ListItem\",\"position\":2,\"name\":\"FONAG: Referente regional de conservaci\u00f3n\"}]},{\"@type\":\"WebSite\",\"@id\":\"https:\\\/\\\/www.fonag.org.ec\\\/web\\\/#website\",\"url\":\"https:\\\/\\\/www.fonag.org.ec\\\/web\\\/\",\"name\":\"Fonag\",\"description\":\"Fondo para la protecci\u00f3n del agua\",\"potentialAction\":[{\"@type\":\"SearchAction\",\"target\":{\"@type\":\"EntryPoint\",\"urlTemplate\":\"https:\\\/\\\/www.fonag.org.ec\\\/web\\\/?s={search_term_string}\"},\"query-input\":{\"@type\":\"PropertyValueSpecification\",\"valueRequired\":true,\"valueName\":\"search_term_string\"}}],\"inLanguage\":\"es\"},{\"@type\":\"Person\",\"@id\":\"https:\\\/\\\/www.fonag.org.ec\\\/web\\\/#\\\/schema\\\/person\\\/f706b95aca44f9594052930113bd5e7b\",\"name\":\"Fonag Administrador\",\"image\":{\"@type\":\"ImageObject\",\"inLanguage\":\"es\",\"@id\":\"https:\\\/\\\/secure.gravatar.com\\\/avatar\\\/156331d783066ed53c179b12766204e7e1a93c4abcc269fc81099224b52af368?s=96&d=mm&r=g\",\"url\":\"https:\\\/\\\/secure.gravatar.com\\\/avatar\\\/156331d783066ed53c179b12766204e7e1a93c4abcc269fc81099224b52af368?s=96&d=mm&r=g\",\"contentUrl\":\"https:\\\/\\\/secure.gravatar.com\\\/avatar\\\/156331d783066ed53c179b12766204e7e1a93c4abcc269fc81099224b52af368?s=96&d=mm&r=g\",\"caption\":\"Fonag Administrador\"},\"sameAs\":[\"https:\\\/\\\/www.fonag.org.ec\\\/web\"],\"url\":\"https:\\\/\\\/www.fonag.org.ec\\\/web\\\/author\\\/fngdmnstgng\\\/\"}]}<\/script>\n<!-- \/ Yoast SEO plugin. -->","yoast_head_json":{"title":"FONAG: Referente regional de conservaci\u00f3n - FONAG","robots":{"index":"index","follow":"follow","max-snippet":"max-snippet:-1","max-image-preview":"max-image-preview:large","max-video-preview":"max-video-preview:-1"},"canonical":"https:\/\/www.fonag.org.ec\/web\/fonag-referente-regional-de-conservacion\/","og_locale":"es_ES","og_type":"article","og_title":"FONAG: Referente regional de conservaci\u00f3n - FONAG","og_description":"Desde el 2000, el Fondo para la Conservaci\u00f3n del Agua (FONAG) destaca como l\u00edder en la protecci\u00f3n de los recursos h\u00eddricos. Su modelo innovador fusiona intereses p\u00fablicos y privados, asegurando la sostenibilidad de las fuentes de agua. Fundado el 5 de diciembre del a\u00f1o 2000, FONAG surge por la necesidad de preservar las fuentes de [&hellip;]","og_url":"https:\/\/www.fonag.org.ec\/web\/fonag-referente-regional-de-conservacion\/","og_site_name":"FONAG","article_published_time":"2024-06-13T01:55:59+00:00","article_modified_time":"2024-06-13T01:56:03+00:00","og_image":[{"width":800,"height":600,"url":"https:\/\/www.fonag.org.ec\/web\/wp-content\/uploads\/2024\/06\/Comision-Hondurena-y-BID-en-su-visita-a-FONAG.webp","type":"image\/webp"}],"author":"Fonag Administrador","twitter_card":"summary_large_image","twitter_misc":{"Escrito por":"Fonag Administrador","Tiempo de lectura":"3 minutos"},"schema":{"@context":"https:\/\/schema.org","@graph":[{"@type":"Article","@id":"https:\/\/www.fonag.org.ec\/web\/fonag-referente-regional-de-conservacion\/#article","isPartOf":{"@id":"https:\/\/www.fonag.org.ec\/web\/fonag-referente-regional-de-conservacion\/"},"author":{"name":"Fonag Administrador","@id":"https:\/\/www.fonag.org.ec\/web\/#\/schema\/person\/f706b95aca44f9594052930113bd5e7b"},"headline":"FONAG: Referente regional de conservaci\u00f3n","datePublished":"2024-06-13T01:55:59+00:00","dateModified":"2024-06-13T01:56:03+00:00","mainEntityOfPage":{"@id":"https:\/\/www.fonag.org.ec\/web\/fonag-referente-regional-de-conservacion\/"},"wordCount":623,"commentCount":0,"image":{"@id":"https:\/\/www.fonag.org.ec\/web\/fonag-referente-regional-de-conservacion\/#primaryimage"},"thumbnailUrl":"https:\/\/www.fonag.org.ec\/web\/wp-content\/uploads\/2024\/06\/Comision-Hondurena-y-BID-en-su-visita-a-FONAG.webp","articleSection":["Noticias"],"inLanguage":"es","potentialAction":[{"@type":"CommentAction","name":"Comment","target":["https:\/\/www.fonag.org.ec\/web\/fonag-referente-regional-de-conservacion\/#respond"]}]},{"@type":"WebPage","@id":"https:\/\/www.fonag.org.ec\/web\/fonag-referente-regional-de-conservacion\/","url":"https:\/\/www.fonag.org.ec\/web\/fonag-referente-regional-de-conservacion\/","name":"FONAG: Referente regional de conservaci\u00f3n - FONAG","isPartOf":{"@id":"https:\/\/www.fonag.org.ec\/web\/#website"},"primaryImageOfPage":{"@id":"https:\/\/www.fonag.org.ec\/web\/fonag-referente-regional-de-conservacion\/#primaryimage"},"image":{"@id":"https:\/\/www.fonag.org.ec\/web\/fonag-referente-regional-de-conservacion\/#primaryimage"},"thumbnailUrl":"https:\/\/www.fonag.org.ec\/web\/wp-content\/uploads\/2024\/06\/Comision-Hondurena-y-BID-en-su-visita-a-FONAG.webp","datePublished":"2024-06-13T01:55:59+00:00","dateModified":"2024-06-13T01:56:03+00:00","author":{"@id":"https:\/\/www.fonag.org.ec\/web\/#\/schema\/person\/f706b95aca44f9594052930113bd5e7b"},"breadcrumb":{"@id":"https:\/\/www.fonag.org.ec\/web\/fonag-referente-regional-de-conservacion\/#breadcrumb"},"inLanguage":"es","potentialAction":[{"@type":"ReadAction","target":["https:\/\/www.fonag.org.ec\/web\/fonag-referente-regional-de-conservacion\/"]}]},{"@type":"ImageObject","inLanguage":"es","@id":"https:\/\/www.fonag.org.ec\/web\/fonag-referente-regional-de-conservacion\/#primaryimage","url":"https:\/\/www.fonag.org.ec\/web\/wp-content\/uploads\/2024\/06\/Comision-Hondurena-y-BID-en-su-visita-a-FONAG.webp","contentUrl":"https:\/\/www.fonag.org.ec\/web\/wp-content\/uploads\/2024\/06\/Comision-Hondurena-y-BID-en-su-visita-a-FONAG.webp","width":800,"height":600,"caption":"Comisi\u00f3n Hondurena y BID en su visita a FONAG"},{"@type":"BreadcrumbList","@id":"https:\/\/www.fonag.org.ec\/web\/fonag-referente-regional-de-conservacion\/#breadcrumb","itemListElement":[{"@type":"ListItem","position":1,"name":"Portada","item":"https:\/\/www.fonag.org.ec\/web\/"},{"@type":"ListItem","position":2,"name":"FONAG: Referente regional de conservaci\u00f3n"}]},{"@type":"WebSite","@id":"https:\/\/www.fonag.org.ec\/web\/#website","url":"https:\/\/www.fonag.org.ec\/web\/","name":"Fonag","description":"Fondo para la protecci\u00f3n del agua","potentialAction":[{"@type":"SearchAction","target":{"@type":"EntryPoint","urlTemplate":"https:\/\/www.fonag.org.ec\/web\/?s={search_term_string}"},"query-input":{"@type":"PropertyValueSpecification","valueRequired":true,"valueName":"search_term_string"}}],"inLanguage":"es"},{"@type":"Person","@id":"https:\/\/www.fonag.org.ec\/web\/#\/schema\/person\/f706b95aca44f9594052930113bd5e7b","name":"Fonag Administrador","image":{"@type":"ImageObject","inLanguage":"es","@id":"https:\/\/secure.gravatar.com\/avatar\/156331d783066ed53c179b12766204e7e1a93c4abcc269fc81099224b52af368?s=96&d=mm&r=g","url":"https:\/\/secure.gravatar.com\/avatar\/156331d783066ed53c179b12766204e7e1a93c4abcc269fc81099224b52af368?s=96&d=mm&r=g","contentUrl":"https:\/\/secure.gravatar.com\/avatar\/156331d783066ed53c179b12766204e7e1a93c4abcc269fc81099224b52af368?s=96&d=mm&r=g","caption":"Fonag Administrador"},"sameAs":["https:\/\/www.fonag.org.ec\/web"],"url":"https:\/\/www.fonag.org.ec\/web\/author\/fngdmnstgng\/"}]}},"_links":{"self":[{"href":"https:\/\/www.fonag.org.ec\/web\/wp-json\/wp\/v2\/posts\/279","targetHints":{"allow":["GET"]}}],"collection":[{"href":"https:\/\/www.fonag.org.ec\/web\/wp-json\/wp\/v2\/posts"}],"about":[{"href":"https:\/\/www.fonag.org.ec\/web\/wp-json\/wp\/v2\/types\/post"}],"author":[{"embeddable":true,"href":"https:\/\/www.fonag.org.ec\/web\/wp-json\/wp\/v2\/users\/1"}],"replies":[{"embeddable":true,"href":"https:\/\/www.fonag.org.ec\/web\/wp-json\/wp\/v2\/comments?post=279"}],"version-history":[{"count":1,"href":"https:\/\/www.fonag.org.ec\/web\/wp-json\/wp\/v2\/posts\/279\/revisions"}],"predecessor-version":[{"id":282,"href":"https:\/\/www.fonag.org.ec\/web\/wp-json\/wp\/v2\/posts\/279\/revisions\/282"}],"wp:featuredmedia":[{"embeddable":true,"href":"https:\/\/www.fonag.org.ec\/web\/wp-json\/wp\/v2\/media\/281"}],"wp:attachment":[{"href":"https:\/\/www.fonag.org.ec\/web\/wp-json\/wp\/v2\/media?parent=279"}],"wp:term":[{"taxonomy":"category","embeddable":true,"href":"https:\/\/www.fonag.org.ec\/web\/wp-json\/wp\/v2\/categories?post=279"},{"taxonomy":"post_tag","embeddable":true,"href":"https:\/\/www.fonag.org.ec\/web\/wp-json\/wp\/v2\/tags?post=279"}],"curies":[{"name":"wp","href":"https:\/\/api.w.org\/{rel}","templated":true}]}}